{"id":5857,"date":"2024-12-30T07:47:26","date_gmt":"2024-12-30T07:47:26","guid":{"rendered":"https:\/\/www.villamarbel.com\/?p=5857"},"modified":"2024-12-31T10:12:11","modified_gmt":"2024-12-31T10:12:11","slug":"san-pedro-de-alcantara","status":"publish","type":"post","link":"https:\/\/www.villamarbel.com\/sv\/san-pedro-de-alcantara\/","title":{"rendered":"San Pedro de Alc\u00e1ntara"},"content":{"rendered":"<p>San Pedro de Alc\u00e1ntara, som ligger strax v\u00e4ster om Marbella, \u00e4r en charmig och livlig stad p\u00e5 Costa del Sol som erbjuder en unik blandning av traditionell andalusisk kultur och modern bekv\u00e4mlighet. San Pedro de Alc\u00e1ntara \u00e4r k\u00e4nt f\u00f6r sin avslappnade atmosf\u00e4r, sin familjev\u00e4nliga milj\u00f6 och sitt utm\u00e4rkta l\u00e4ge och har blivit en eftertraktad destination f\u00f6r b\u00e5de inv\u00e5nare och bes\u00f6kare. H\u00e4r \u00e4r vad som g\u00f6r staden s\u00e5 unik:<\/p>\n\n\n\n<p><strong>1. Autentisk andalusisk charm<\/strong><\/p>\n\n\n\n<ul class=\"wp-block-list\">\n<li>San Pedro har beh\u00e5llit mycket av sin traditionella andalusiska karakt\u00e4r med en pittoresk stadsk\u00e4rna med smala gator, vitkalkade byggnader och mysiga torg. Det k\u00e4nns mindre kommersialiserat \u00e4n n\u00e5gra av dess grannst\u00e4der och bevarar en mer genuin spansk k\u00e4nsla.<\/li>\n\n\n\n<li>Staden har r\u00f6tter i den lokala historien, med anor fr\u00e5n 1500-talet, och har beh\u00e5llit en stark k\u00e4nsla f\u00f6r samh\u00e4llet och den lokala kulturen.<\/li>\n<\/ul>\n\n\n\n<p>  <\/p>\n\n\n\n<p><strong>2. N\u00e4rhet till Marbella och Puerto Ban\u00fas<\/strong><\/p>\n\n\n\n<ul class=\"wp-block-list\">\n<li>San Pedro de Alc\u00e1ntara ligger bara 10 minuter fr\u00e5n Marbella och 15 minuter fr\u00e5n Puerto Ban\u00fas och erbjuder enkel tillg\u00e5ng till lyxiga bekv\u00e4mligheter, str\u00e4nder och underh\u00e5llning p\u00e5 dessa ber\u00f6mda destinationer, samtidigt som det ger ett lugnare och mer prisv\u00e4rt boendealternativ.<\/li>\n\n\n\n<li>L\u00e4get g\u00f6r den idealisk f\u00f6r dem som vill uppleva det b\u00e4sta av tv\u00e5 v\u00e4rldar: den fridfulla atmosf\u00e4ren i en liten stad med n\u00e4rheten till kosmopolitiska Marbella.<\/li>\n<\/ul>\n\n\n\n<p>  <\/p>\n\n\n\n<p><strong>3. Fantastiska str\u00e4nder<\/strong><\/p>\n\n\n\n<ul class=\"wp-block-list\">\n<li>San Pedro har n\u00e5gra av de b\u00e4sta str\u00e4nderna p\u00e5 Costa del Sol, bland annat Playa de San Pedro, en l\u00e5ng str\u00e4cka med gyllene sand som erbjuder klart vatten, strandbarer (chiringuitos) och en familjev\u00e4nlig atmosf\u00e4r.<\/li>\n\n\n\n<li>Stadens nya strandpromenad har renoverats med cykelbanor, parker och kaf\u00e9er, vilket g\u00f6r den perfekt f\u00f6r lugna promenader l\u00e4ngs kusten medan du njuter av Medelhavsutsikten.<\/li>\n<\/ul>\n\n\n\n<p>  <\/p>\n\n\n\n<p><strong>4. Familjev\u00e4nlig milj\u00f6<\/strong><\/p>\n\n\n\n<ul class=\"wp-block-list\">\n<li>San Pedro de Alc\u00e1ntara \u00e4r k\u00e4nt f\u00f6r sin familjeorienterade atmosf\u00e4r, med ett brett utbud av skolor, lekplatser och idrottsanl\u00e4ggningar som v\u00e4nder sig till sm\u00e5 barn och ton\u00e5ringar.<\/li>\n\n\n\n<li>Staden har en l\u00e5gm\u00e4ld atmosf\u00e4r j\u00e4mf\u00f6rt med de livliga turistcentren i Marbella, vilket g\u00f6r det till ett utm\u00e4rkt val f\u00f6r familjer som letar efter en lugn men v\u00e4l ansluten plats att bo p\u00e5.<\/li>\n<\/ul>\n\n\n\n<p>  <\/p>\n\n\n\n<p><strong>5. Den nya boulevarden<\/strong><\/p>\n\n\n\n<ul class=\"wp-block-list\">\n<li>San Pedro Boulevard \u00e4r ett av stadens mest framtr\u00e4dande inslag, ett nyligen revitaliserat omr\u00e5de som str\u00e4cker sig fr\u00e5n stadens centrum till stranden. Denna fotg\u00e4ngarv\u00e4nliga aveny \u00e4r kantad av palmer, font\u00e4ner och kaf\u00e9er, vilket g\u00f6r den till en perfekt plats f\u00f6r promenader, cykling och umg\u00e4nge.<\/li>\n\n\n\n<li>Boulevarden har blivit ett kulturellt och socialt nav med evenemang, konserter och lokala marknader som st\u00e4rker stadens gemenskapsk\u00e4nsla.<\/li>\n<\/ul>\n\n\n\n<p>  <\/p>\n\n\n\n<p><strong>6. Livskraftig gastronomi och lokala marknader<\/strong><\/p>\n\n\n\n<ul class=\"wp-block-list\">\n<li>I San Pedro finns ett brett utbud av lokala restauranger, allt fr\u00e5n traditionella spanska tapasbarer till mer moderna internationella matst\u00e4llen. Matscenen k\u00e4nnetecknas av sin autenticitet, med betoning p\u00e5 f\u00e4rska lokala ingredienser, s\u00e4rskilt fisk och skaldjur.<\/li>\n\n\n\n<li>En annan h\u00f6jdpunkt \u00e4r veckomarknaden som erbjuder f\u00e4rska produkter, handgjorda varor och en livlig atmosf\u00e4r d\u00e4r lokalbefolkningen samlas f\u00f6r att handla f\u00e4rska s\u00e4songsvaror.<\/li>\n<\/ul>\n\n\n\n<p>  <\/p>\n\n\n\n<p><strong>7. Stark gemenskap och lokala evenemang<\/strong><\/p>\n\n\n\n<ul class=\"wp-block-list\">\n<li>San Pedro de Alc\u00e1ntara har ett sammansvetsat samh\u00e4lle som ofta samlas f\u00f6r lokala festivaler, m\u00e4ssor och kulturella fester, t.ex: Feria de San Pedro (stadens \u00e5rliga marknad), d\u00e4r det bjuds p\u00e5 musik, flamenco, tjurf\u00e4ktning och lokal mat. Semana Santa-firandet (Stilla veckan), som \u00e4r en viktig del av den lokala kulturen.<\/li>\n\n\n\n<li>Det finns en genuin k\u00e4nsla av lokal stolthet och samh\u00e4llsengagemang, vilket g\u00f6r San Pedro till en v\u00e4lkomnande plats f\u00f6r b\u00e5de inv\u00e5nare och bes\u00f6kare.<\/li>\n<\/ul>\n\n\n\n<p>  <\/p>\n\n\n\n<p><strong>8. Investeringspotential<\/strong><\/p>\n\n\n\n<ul class=\"wp-block-list\">\n<li>San Pedro blir alltmer popul\u00e4rt bland fastighetsinvesterare tack vare sin kombination av \u00f6verkomliga fastighetspriser j\u00e4mf\u00f6rt med Marbella och Puerto Ban\u00fas, samtidigt som det erbjuder h\u00f6g hyrespotential tack vare n\u00e4rheten till dessa efterfr\u00e5gade omr\u00e5den.<\/li>\n\n\n\n<li>Den p\u00e5g\u00e5ende utvecklingen av infrastruktur och stadsf\u00f6rb\u00e4ttringar, till exempel Boulevard- och strandprojekten, har \u00f6kat omr\u00e5dets attraktionskraft.<\/li>\n<\/ul>\n\n\n\n<p>  <\/p>\n\n\n\n<p><strong>9. Den ber\u00f6mda \"La Milla de Oro\" (Gyllene milen)<\/strong><\/p>\n\n\n\n<ul class=\"wp-block-list\">\n<li>San Pedro \u00e4r en del av Golden Mile-regionen, som str\u00e4cker sig fr\u00e5n Marbella till Puerto Ban\u00fas, k\u00e4nd f\u00f6r sina lyxiga hem och exklusiva livsstil, men med f\u00f6rdelen att vara i en lugnare, mer avslappnad milj\u00f6.<\/li>\n\n\n\n<li>Omr\u00e5det erbjuder en m\u00e4ngd olika fastigheter, fr\u00e5n lyxiga villor till l\u00e4genheter, vilket g\u00f6r det till ett attraktivt resm\u00e5l f\u00f6r dem som vill ha lyx i en mindre tr\u00e5ng milj\u00f6.<\/li>\n<\/ul>\n\n\n\n<p>  <\/p>\n\n\n\n<p><strong>10. Utomhusaktiviteter och sport<\/strong><\/p>\n\n\n\n<ul class=\"wp-block-list\">\n<li>San Pedro de Alc\u00e1ntara erbjuder en m\u00e4ngd olika utomhusaktiviteter med sin vackra strand, vandringsleder och n\u00e4rliggande golfbanor som La Quinta Golf och Los Arqueros Golf.<\/li>\n\n\n\n<li>Staden \u00e4r ocks\u00e5 k\u00e4nd f\u00f6r sina sportklubbar, som erbjuder m\u00f6jligheter till tennis, paddeltennis och till och med surfing l\u00e4ngs kusten.<\/li>\n<\/ul>\n\n\n\n<p>  <\/p>\n\n\n\n<p><strong>11. Bra f\u00f6rbindelser och l\u00e4ttillg\u00e4ngligt<\/strong><\/p>\n\n\n\n<ul class=\"wp-block-list\">\n<li>Med enkel tillg\u00e5ng till stora v\u00e4gar som A-7 och AP-7 har San Pedro de Alc\u00e1ntara goda f\u00f6rbindelser med resten av Costa del Sol, inklusive Malaga flygplats, som ligger bara 40 minuters bilresa bort.<\/li>\n\n\n\n<li>Staden har ocks\u00e5 goda kollektivtrafikf\u00f6rbindelser och ligger bara ett kort avst\u00e5nd fr\u00e5n st\u00f6rre st\u00e4der och serviceinr\u00e4ttningar.<\/li>\n<\/ul>\n\n\n\n<p>  <\/p>\n\n\n\n<p><strong>Vem \u00e4r San Pedro de Alc\u00e1ntara perfekt f\u00f6r?<\/strong><\/p>\n\n\n\n<ul class=\"wp-block-list\">\n<li>Familjer som s\u00f6ker en lugn, samh\u00e4llsorienterad milj\u00f6 med utm\u00e4rkta bekv\u00e4mligheter, skolor och rekreationsm\u00f6jligheter.<\/li>\n\n\n\n<li>Yrkesverksamma eller pension\u00e4rer som vill bo n\u00e4ra Marbella och Puerto Ban\u00fas utan folkmassorna och de h\u00f6ga kostnaderna.<\/li>\n\n\n\n<li>Investerare som s\u00f6ker fastigheter med god hyrespotential och l\u00e5ngsiktiga tillv\u00e4xtm\u00f6jligheter.<\/li>\n\n\n\n<li>Natur\u00e4lskare och friluftsentusiaster som tycker om str\u00e4nder, vandringsleder och sport.<\/li>\n<\/ul>\n\n\n\n<p>  <\/p>\n\n\n\n<p><strong>Sammanfattning<\/strong> San Pedro de Alc\u00e1ntara \u00e4r en unik blandning av traditionell andalusisk charm och moderna bekv\u00e4mligheter. Med sin familjev\u00e4nliga atmosf\u00e4r, autentiska spanska k\u00e4nsla, fantastiska str\u00e4nder och n\u00e4rhet till Marbella erbjuder den en lugn men \u00e4nd\u00e5 v\u00e4l ansluten livsstil. Den v\u00e4xande populariteten som investeringsdestination, i kombination med det livliga samh\u00e4llet och den utm\u00e4rkta livskvaliteten, g\u00f6r San Pedro till en eftertraktad plats p\u00e5 Costa del Sol.<\/p>\n\n\n\n<p>  <\/p>\n\n\n\n<hr class=\"wp-block-separator has-text-color has-alpha-channel-opacity has-background\" style=\"background-color:#31869b;color:#31869b\"\/>\n\n\n<ul class=\"wp-block-latest-posts__list wp-block-latest-posts has-small-font-size\"><li><a class=\"wp-block-latest-posts__post-title\" href=\"https:\/\/www.villamarbel.com\/sv\/benahavis\/\">Benahavis<\/a><div class=\"wp-block-latest-posts__post-excerpt\">Benahavis the jewel of the Costa del Sol, it is a beautiful whitewashed\u2026 <a class=\"wp-block-latest-posts__read-more\" href=\"https:\/\/www.villamarbel.com\/sv\/benahavis\/\" rel=\"noopener noreferrer\">L\u00e4s mer<span class=\"screen-reader-text\">: Benahavis<\/span><\/a><\/div><\/li>\n<li><a class=\"wp-block-latest-posts__post-title\" href=\"https:\/\/www.villamarbel.com\/sv\/cascada-de-camojan\/\">Cascada de Camoj\u00e1n<\/a><div class=\"wp-block-latest-posts__post-excerpt\">Cascada de Camoj\u00e1n is one of the most exclusive and prestigious residential areas\u2026 <a class=\"wp-block-latest-posts__read-more\" href=\"https:\/\/www.villamarbel.com\/sv\/cascada-de-camojan\/\" rel=\"noopener noreferrer\">L\u00e4s mer<span class=\"screen-reader-text\">: Cascada de Camoj\u00e1n<\/span><\/a><\/div><\/li>\n<li><a class=\"wp-block-latest-posts__post-title\" href=\"https:\/\/www.villamarbel.com\/sv\/5851-2\/\">El Madro\u00f1al<\/a><div class=\"wp-block-latest-posts__post-excerpt\">El Madro\u00f1al, located in the foothills of the Sierra de las Nieves mountains\u2026 <a class=\"wp-block-latest-posts__read-more\" href=\"https:\/\/www.villamarbel.com\/sv\/5851-2\/\" rel=\"noopener noreferrer\">L\u00e4s mer<span class=\"screen-reader-text\">: El Madro\u00f1al<\/span><\/a><\/div><\/li>\n<li><a class=\"wp-block-latest-posts__post-title\" href=\"https:\/\/www.villamarbel.com\/sv\/el-paraiso\/\">El Para\u00edso<\/a><div class=\"wp-block-latest-posts__post-excerpt\">El Para\u00edso, located in Estepona on the Costa del Sol, is a tranquil\u2026 <a class=\"wp-block-latest-posts__read-more\" href=\"https:\/\/www.villamarbel.com\/sv\/el-paraiso\/\" rel=\"noopener noreferrer\">L\u00e4s mer<span class=\"screen-reader-text\">: El Para\u00edso<\/span><\/a><\/div><\/li>\n<li><a class=\"wp-block-latest-posts__post-title\" href=\"https:\/\/www.villamarbel.com\/sv\/guadalmina\/\">Guadalmina<\/a><div class=\"wp-block-latest-posts__post-excerpt\">Guadalmina, located in the western part of Marbella, is one of the most\u2026 <a class=\"wp-block-latest-posts__read-more\" href=\"https:\/\/www.villamarbel.com\/sv\/guadalmina\/\" rel=\"noopener noreferrer\">L\u00e4s mer<span class=\"screen-reader-text\">: Guadalmina<\/span><\/a><\/div><\/li>\n<li><a class=\"wp-block-latest-posts__post-title\" href=\"https:\/\/www.villamarbel.com\/sv\/la-quinta\/\">La Quinta<\/a><div class=\"wp-block-latest-posts__post-excerpt\">La Quinta is one of the most sought-after residential areas in the Marbella\u2026 <a class=\"wp-block-latest-posts__read-more\" href=\"https:\/\/www.villamarbel.com\/sv\/la-quinta\/\" rel=\"noopener noreferrer\">L\u00e4s mer<span class=\"screen-reader-text\">: La Quinta<\/span><\/a><\/div><\/li>\n<li><a class=\"wp-block-latest-posts__post-title\" href=\"https:\/\/www.villamarbel.com\/sv\/la-zagaleta\/\">La Zagaleta<\/a><div class=\"wp-block-latest-posts__post-excerpt\">La Zagaleta, nestled in the hills of Benahav\u00eds near Marbella, is often regarded\u2026 <a class=\"wp-block-latest-posts__read-more\" href=\"https:\/\/www.villamarbel.com\/sv\/la-zagaleta\/\" rel=\"noopener noreferrer\">L\u00e4s mer<span class=\"screen-reader-text\">: La Zagaleta<\/span><\/a><\/div><\/li>\n<li><a class=\"wp-block-latest-posts__post-title\" href=\"https:\/\/www.villamarbel.com\/sv\/los-arqueros\/\">Los Arqueros<\/a><div class=\"wp-block-latest-posts__post-excerpt\">Los Arqueros, located near Marbella on the Costa del Sol, is a prestigious\u2026 <a class=\"wp-block-latest-posts__read-more\" href=\"https:\/\/www.villamarbel.com\/sv\/los-arqueros\/\" rel=\"noopener noreferrer\">L\u00e4s mer<span class=\"screen-reader-text\">: Los Arqueros<\/span><\/a><\/div><\/li>\n<li><a class=\"wp-block-latest-posts__post-title\" href=\"https:\/\/www.villamarbel.com\/sv\/los-flamingos\/\">Los Flamingos<\/a><div class=\"wp-block-latest-posts__post-excerpt\">Los Flamingos, located near the town of Benahav\u00eds on the Costa del Sol,\u2026 <a class=\"wp-block-latest-posts__read-more\" href=\"https:\/\/www.villamarbel.com\/sv\/los-flamingos\/\" rel=\"noopener noreferrer\">L\u00e4s mer<span class=\"screen-reader-text\">: Los Flamingos<\/span><\/a><\/div><\/li>\n<li><a class=\"wp-block-latest-posts__post-title\" href=\"https:\/\/www.villamarbel.com\/sv\/marbella\/\">Marbella<\/a><div class=\"wp-block-latest-posts__post-excerpt\">Marbella, located on the southern coast of Spain in the Andalusian region, is\u2026 <a class=\"wp-block-latest-posts__read-more\" href=\"https:\/\/www.villamarbel.com\/sv\/marbella\/\" rel=\"noopener noreferrer\">L\u00e4s mer<span class=\"screen-reader-text\">: Marbella<\/span><\/a><\/div><\/li>\n<li><a class=\"wp-block-latest-posts__post-title\" href=\"https:\/\/www.villamarbel.com\/sv\/monte-mayor\/\">Monte Borgm\u00e4stare<\/a><div class=\"wp-block-latest-posts__post-excerpt\">Monte Mayor, located in the Benahav\u00eds municipality on the Costa del Sol, is\u2026 <a class=\"wp-block-latest-posts__read-more\" href=\"https:\/\/www.villamarbel.com\/sv\/monte-mayor\/\" rel=\"noopener noreferrer\">L\u00e4s mer<span class=\"screen-reader-text\">: Monte Mayor<\/span><\/a><\/div><\/li>\n<li><a class=\"wp-block-latest-posts__post-title\" href=\"https:\/\/www.villamarbel.com\/sv\/nueva-andalucia\/\">Nueva Andalucia<\/a><div class=\"wp-block-latest-posts__post-excerpt\">Nueva Andaluc\u00eda is unique for a variety of reasons, blending luxury, natural beauty,\u2026 <a class=\"wp-block-latest-posts__read-more\" href=\"https:\/\/www.villamarbel.com\/sv\/nueva-andalucia\/\" rel=\"noopener noreferrer\">L\u00e4s mer<span class=\"screen-reader-text\">: Nueva Andalucia<\/span><\/a><\/div><\/li>\n<li><a class=\"wp-block-latest-posts__post-title\" href=\"https:\/\/www.villamarbel.com\/sv\/puente-romano\/\">Puente Romano<\/a><div class=\"wp-block-latest-posts__post-excerpt\">Puente Romano, located on Marbella\u2019s prestigious Golden Mile, is one of the most\u2026 <a class=\"wp-block-latest-posts__read-more\" href=\"https:\/\/www.villamarbel.com\/sv\/puente-romano\/\" rel=\"noopener noreferrer\">L\u00e4s mer<span class=\"screen-reader-text\">: Puente Romano<\/span><\/a><\/div><\/li>\n<li><a class=\"wp-block-latest-posts__post-title\" href=\"https:\/\/www.villamarbel.com\/sv\/puerto-banus\/\">Puerto Ban\u00fas<\/a><div class=\"wp-block-latest-posts__post-excerpt\">Puerto Ban\u00fas, located west of Marbella, is one of the most glamorous and\u2026 <a class=\"wp-block-latest-posts__read-more\" href=\"https:\/\/www.villamarbel.com\/sv\/puerto-banus\/\" rel=\"noopener noreferrer\">L\u00e4s mer<span class=\"screen-reader-text\">: Puerto Ban\u00fas<\/span><\/a><\/div><\/li>\n<li><a class=\"wp-block-latest-posts__post-title\" href=\"https:\/\/www.villamarbel.com\/sv\/san-pedro-de-alcantara\/\">San Pedro de Alc\u00e1ntara<\/a><div class=\"wp-block-latest-posts__post-excerpt\">San Pedro de Alc\u00e1ntara, located just west of Marbella, is a charming and\u2026 <a class=\"wp-block-latest-posts__read-more\" href=\"https:\/\/www.villamarbel.com\/sv\/san-pedro-de-alcantara\/\" rel=\"noopener noreferrer\">L\u00e4s mer<span class=\"screen-reader-text\">: San Pedro de Alc\u00e1ntara<\/span><\/a><\/div><\/li>\n<li><a class=\"wp-block-latest-posts__post-title\" href=\"https:\/\/www.villamarbel.com\/sv\/sierra-blanca\/\">Sierra Blanca<\/a><div class=\"wp-block-latest-posts__post-excerpt\">Sierra Blanca, located just above Marbella&#8217;s iconic Golden Mile, is one of the\u2026 <a class=\"wp-block-latest-posts__read-more\" href=\"https:\/\/www.villamarbel.com\/sv\/sierra-blanca\/\" rel=\"noopener noreferrer\">L\u00e4s mer<span class=\"screen-reader-text\">: Sierra Blanca<\/span><\/a><\/div><\/li>\n<li><a class=\"wp-block-latest-posts__post-title\" href=\"https:\/\/www.villamarbel.com\/sv\/the-golden-mile\/\">The Golden Mile<\/a><div class=\"wp-block-latest-posts__post-excerpt\">The Golden Mile in Marbella, Spain, is one of the most iconic and\u2026 <a class=\"wp-block-latest-posts__read-more\" href=\"https:\/\/www.villamarbel.com\/sv\/the-golden-mile\/\" rel=\"noopener noreferrer\">L\u00e4s mer<span class=\"screen-reader-text\">: The Golden Mile<\/span><\/a><\/div><\/li>\n<\/ul>","protected":false},"excerpt":{"rendered":"<p>San Pedro de Alc\u00e1ntara, som ligger strax v\u00e4ster om Marbella, \u00e4r en charmig och livlig stad p\u00e5 Costa del Sol som erbjuder en unik blandning av traditionell andalusisk kultur och modern bekv\u00e4mlighet. San Pedro de Alc\u00e1ntara \u00e4r k\u00e4nt f\u00f6r sin avslappnade atmosf\u00e4r, sin familjev\u00e4nliga milj\u00f6 och sitt utm\u00e4rkta l\u00e4ge och har blivit en eftertraktad destination f\u00f6r b\u00e5de inv\u00e5nare och [...].<\/p>","protected":false},"author":4,"featured_media":0,"comment_status":"closed","ping_status":"closed","sticky":false,"template":"","format":"standard","meta":{"_acf_changed":false,"om_disable_all_campaigns":false,"_monsterinsights_skip_tracking":false,"_monsterinsights_sitenote_active":false,"_monsterinsights_sitenote_note":"","_monsterinsights_sitenote_category":0,"footnotes":""},"categories":[44],"tags":[],"class_list":["post-5857","post","type-post","status-publish","format-standard","hentry","category-the-regions"],"acf":[],"yoast_head":"<!-- This site is optimized with the Yoast SEO Premium plugin v25.8 (Yoast SEO v25.8) - https:\/\/yoast.com\/wordpress\/plugins\/seo\/ -->\n<title>San Pedro de Alc\u00e1ntara - Area Guide, The Regions | Villamarbel<\/title>\n<meta name=\"description\" content=\"San Pedro de Alc\u00e1ntara, located just west of Marbella, is a charming and vibrant town on the Costa del Sol.\" \/>\n<meta name=\"robots\" content=\"index, follow, max-snippet:-1, max-image-preview:large, max-video-preview:-1\" \/>\n<link rel=\"canonical\" href=\"https:\/\/www.villamarbel.com\/sv\/san-pedro-de-alcantara\/\" \/>\n<meta property=\"og:locale\" content=\"sv_SE\" \/>\n<meta property=\"og:type\" content=\"article\" \/>\n<meta property=\"og:title\" content=\"San Pedro de Alc\u00e1ntara - Area Guide, The Regions | Villamarbel\" \/>\n<meta property=\"og:description\" content=\"San Pedro de Alc\u00e1ntara, located just west of Marbella, is a charming and vibrant town on the Costa del Sol.\" \/>\n<meta property=\"og:url\" content=\"https:\/\/www.villamarbel.com\/sv\/san-pedro-de-alcantara\/\" \/>\n<meta property=\"og:site_name\" content=\"For Sale in Marbella, Andalusia, Spain | Villamarbel\" \/>\n<meta property=\"article:publisher\" content=\"https:\/\/www.facebook.com\/immomarbel\" \/>\n<meta property=\"article:published_time\" content=\"2024-12-30T07:47:26+00:00\" \/>\n<meta property=\"article:modified_time\" content=\"2024-12-31T10:12:11+00:00\" \/>\n<meta property=\"og:image\" content=\"https:\/\/www.villamarbel.com\/wp-content\/uploads\/2024\/12\/villamarbel-real-estate-marbella.jpg\" \/>\n\t<meta property=\"og:image:width\" content=\"2048\" \/>\n\t<meta property=\"og:image:height\" content=\"1153\" \/>\n\t<meta property=\"og:image:type\" content=\"image\/jpeg\" \/>\n<meta name=\"author\" content=\"villamarbel\" \/>\n<meta name=\"twitter:card\" content=\"summary_large_image\" \/>\n<meta name=\"twitter:title\" content=\"San Pedro de Alc\u00e1ntara - Area Guide, The Regions | Villamarbel\" \/>\n<meta name=\"twitter:description\" content=\"San Pedro de Alc\u00e1ntara, located just west of Marbella, is a charming and vibrant town on the Costa del Sol.\" \/>\n<meta name=\"twitter:label1\" content=\"Skriven av\" \/>\n\t<meta name=\"twitter:data1\" content=\"villamarbel\" \/>\n\t<meta name=\"twitter:label2\" content=\"Ber\u00e4knad l\u00e4stid\" \/>\n\t<meta name=\"twitter:data2\" content=\"5 minuter\" \/>\n<script type=\"application\/ld+json\" class=\"yoast-schema-graph\">{\"@context\":\"https:\/\/schema.org\",\"@graph\":[{\"@type\":\"WebPage\",\"@id\":\"https:\/\/www.villamarbel.com\/san-pedro-de-alcantara\/\",\"url\":\"https:\/\/www.villamarbel.com\/san-pedro-de-alcantara\/\",\"name\":\"San Pedro de Alc\u00e1ntara - Area Guide, The Regions | Villamarbel\",\"isPartOf\":{\"@id\":\"https:\/\/www.villamarbel.com\/#website\"},\"datePublished\":\"2024-12-30T07:47:26+00:00\",\"dateModified\":\"2024-12-31T10:12:11+00:00\",\"description\":\"San Pedro de Alc\u00e1ntara, located just west of Marbella, is a charming and vibrant town on the Costa del Sol.\",\"breadcrumb\":{\"@id\":\"https:\/\/www.villamarbel.com\/san-pedro-de-alcantara\/#breadcrumb\"},\"inLanguage\":\"sv-SE\",\"potentialAction\":[{\"@type\":\"ReadAction\",\"target\":[\"https:\/\/www.villamarbel.com\/san-pedro-de-alcantara\/\"]}]},{\"@type\":\"BreadcrumbList\",\"@id\":\"https:\/\/www.villamarbel.com\/san-pedro-de-alcantara\/#breadcrumb\",\"itemListElement\":[{\"@type\":\"ListItem\",\"position\":1,\"name\":\"Home\",\"item\":\"https:\/\/www.villamarbel.com\/\"},{\"@type\":\"ListItem\",\"position\":2,\"name\":\"San Pedro de Alc\u00e1ntara\"}]},{\"@type\":\"WebSite\",\"@id\":\"https:\/\/www.villamarbel.com\/#website\",\"url\":\"https:\/\/www.villamarbel.com\/\",\"name\":\"For Sale in Marbella, Andalusia, Spain | Villamarbel by Immo Marbel\",\"description\":\"For Sale in Marbella, Costa del Sol, Andalusia, Spain | Villamarbel by Immo Marbel\",\"publisher\":{\"@id\":\"https:\/\/www.villamarbel.com\/#organization\"},\"potentialAction\":[{\"@type\":\"SearchAction\",\"target\":{\"@type\":\"EntryPoint\",\"urlTemplate\":\"https:\/\/www.villamarbel.com\/?s={search_term_string}\"},\"query-input\":{\"@type\":\"PropertyValueSpecification\",\"valueRequired\":true,\"valueName\":\"search_term_string\"}}],\"inLanguage\":\"sv-SE\"},{\"@type\":\"Organization\",\"@id\":\"https:\/\/www.villamarbel.com\/#organization\",\"name\":\"Villamarbel Real Estate Marbella\",\"alternateName\":\"Villamarbel\",\"url\":\"https:\/\/www.villamarbel.com\/\",\"logo\":{\"@type\":\"ImageObject\",\"inLanguage\":\"sv-SE\",\"@id\":\"https:\/\/www.villamarbel.com\/#\/schema\/logo\/image\/\",\"url\":\"https:\/\/www.villamarbel.com\/wp-content\/uploads\/2024\/10\/logo-villamarbel-M.png\",\"contentUrl\":\"https:\/\/www.villamarbel.com\/wp-content\/uploads\/2024\/10\/logo-villamarbel-M.png\",\"width\":563,\"height\":563,\"caption\":\"Villamarbel Real Estate Marbella\"},\"image\":{\"@id\":\"https:\/\/www.villamarbel.com\/#\/schema\/logo\/image\/\"},\"sameAs\":[\"https:\/\/www.facebook.com\/immomarbel\",\"https:\/\/www.instagram.com\/immomarbel\/\"],\"description\":\"Real Estate company in Marbella Spain that sales luxury properties, houses, villas, penthouses.\",\"email\":\"info@immomarbel.com\",\"legalName\":\"Villamarbel\"}]}<\/script>\n<!-- \/ Yoast SEO Premium plugin. -->","yoast_head_json":{"title":"San Pedro de Alc\u00e1ntara - Omr\u00e5desguide, Regionerna | Villamarbel","description":"San Pedro de Alc\u00e1ntara, som ligger strax v\u00e4ster om Marbella, \u00e4r en charmig och livlig stad p\u00e5 Costa del Sol.","robots":{"index":"index","follow":"follow","max-snippet":"max-snippet:-1","max-image-preview":"max-image-preview:large","max-video-preview":"max-video-preview:-1"},"canonical":"https:\/\/www.villamarbel.com\/sv\/san-pedro-de-alcantara\/","og_locale":"sv_SE","og_type":"article","og_title":"San Pedro de Alc\u00e1ntara - Area Guide, The Regions | Villamarbel","og_description":"San Pedro de Alc\u00e1ntara, located just west of Marbella, is a charming and vibrant town on the Costa del Sol.","og_url":"https:\/\/www.villamarbel.com\/sv\/san-pedro-de-alcantara\/","og_site_name":"For Sale in Marbella, Andalusia, Spain | Villamarbel","article_publisher":"https:\/\/www.facebook.com\/immomarbel","article_published_time":"2024-12-30T07:47:26+00:00","article_modified_time":"2024-12-31T10:12:11+00:00","og_image":[{"width":2048,"height":1153,"url":"https:\/\/www.villamarbel.com\/wp-content\/uploads\/2024\/12\/villamarbel-real-estate-marbella.jpg","type":"image\/jpeg"}],"author":"villamarbel","twitter_card":"summary_large_image","twitter_title":"San Pedro de Alc\u00e1ntara - Area Guide, The Regions | Villamarbel","twitter_description":"San Pedro de Alc\u00e1ntara, located just west of Marbella, is a charming and vibrant town on the Costa del Sol.","twitter_misc":{"Skriven av":"villamarbel","Ber\u00e4knad l\u00e4stid":"5 minuter"},"schema":{"@context":"https:\/\/schema.org","@graph":[{"@type":"WebPage","@id":"https:\/\/www.villamarbel.com\/san-pedro-de-alcantara\/","url":"https:\/\/www.villamarbel.com\/san-pedro-de-alcantara\/","name":"San Pedro de Alc\u00e1ntara - Omr\u00e5desguide, Regionerna | Villamarbel","isPartOf":{"@id":"https:\/\/www.villamarbel.com\/#website"},"datePublished":"2024-12-30T07:47:26+00:00","dateModified":"2024-12-31T10:12:11+00:00","description":"San Pedro de Alc\u00e1ntara, som ligger strax v\u00e4ster om Marbella, \u00e4r en charmig och livlig stad p\u00e5 Costa del Sol.","breadcrumb":{"@id":"https:\/\/www.villamarbel.com\/san-pedro-de-alcantara\/#breadcrumb"},"inLanguage":"sv-SE","potentialAction":[{"@type":"ReadAction","target":["https:\/\/www.villamarbel.com\/san-pedro-de-alcantara\/"]}]},{"@type":"BreadcrumbList","@id":"https:\/\/www.villamarbel.com\/san-pedro-de-alcantara\/#breadcrumb","itemListElement":[{"@type":"ListItem","position":1,"name":"Home","item":"https:\/\/www.villamarbel.com\/"},{"@type":"ListItem","position":2,"name":"San Pedro de Alc\u00e1ntara"}]},{"@type":"WebSite","@id":"https:\/\/www.villamarbel.com\/#website","url":"https:\/\/www.villamarbel.com\/","name":"Till salu i Marbella, Andalusien, Spanien | Villamarbel av Immo Marbel","description":"Till salu i Marbella, Costa del Sol, Andalusien, Spanien | Villamarbel av Immo Marbel","publisher":{"@id":"https:\/\/www.villamarbel.com\/#organization"},"potentialAction":[{"@type":"SearchAction","target":{"@type":"EntryPoint","urlTemplate":"https:\/\/www.villamarbel.com\/?s={search_term_string}"},"query-input":{"@type":"PropertyValueSpecification","valueRequired":true,"valueName":"search_term_string"}}],"inLanguage":"sv-SE"},{"@type":"Organization","@id":"https:\/\/www.villamarbel.com\/#organization","name":"Villamarbel Fastigheter Marbella","alternateName":"Villamarbel","url":"https:\/\/www.villamarbel.com\/","logo":{"@type":"ImageObject","inLanguage":"sv-SE","@id":"https:\/\/www.villamarbel.com\/#\/schema\/logo\/image\/","url":"https:\/\/www.villamarbel.com\/wp-content\/uploads\/2024\/10\/logo-villamarbel-M.png","contentUrl":"https:\/\/www.villamarbel.com\/wp-content\/uploads\/2024\/10\/logo-villamarbel-M.png","width":563,"height":563,"caption":"Villamarbel Real Estate Marbella"},"image":{"@id":"https:\/\/www.villamarbel.com\/#\/schema\/logo\/image\/"},"sameAs":["https:\/\/www.facebook.com\/immomarbel","https:\/\/www.instagram.com\/immomarbel\/"],"description":"Fastighetsbolag i Marbella Spanien som s\u00e4ljer lyxfastigheter, hus, villor, takv\u00e5ningar.","email":"info@immomarbel.com","legalName":"Villamarbel"}]}},"_links":{"self":[{"href":"https:\/\/www.villamarbel.com\/sv\/wp-json\/wp\/v2\/posts\/5857","targetHints":{"allow":["GET"]}}],"collection":[{"href":"https:\/\/www.villamarbel.com\/sv\/wp-json\/wp\/v2\/posts"}],"about":[{"href":"https:\/\/www.villamarbel.com\/sv\/wp-json\/wp\/v2\/types\/post"}],"author":[{"embeddable":true,"href":"https:\/\/www.villamarbel.com\/sv\/wp-json\/wp\/v2\/users\/4"}],"replies":[{"embeddable":true,"href":"https:\/\/www.villamarbel.com\/sv\/wp-json\/wp\/v2\/comments?post=5857"}],"version-history":[{"count":0,"href":"https:\/\/www.villamarbel.com\/sv\/wp-json\/wp\/v2\/posts\/5857\/revisions"}],"wp:attachment":[{"href":"https:\/\/www.villamarbel.com\/sv\/wp-json\/wp\/v2\/media?parent=5857"}],"wp:term":[{"taxonomy":"category","embeddable":true,"href":"https:\/\/www.villamarbel.com\/sv\/wp-json\/wp\/v2\/categories?post=5857"},{"taxonomy":"post_tag","embeddable":true,"href":"https:\/\/www.villamarbel.com\/sv\/wp-json\/wp\/v2\/tags?post=5857"}],"curies":[{"name":"wp","href":"https:\/\/api.w.org\/{rel}","templated":true}]}}