{"id":5851,"date":"2024-12-30T07:41:26","date_gmt":"2024-12-30T07:41:26","guid":{"rendered":"https:\/\/www.villamarbel.com\/?p=5851"},"modified":"2024-12-31T10:19:42","modified_gmt":"2024-12-31T10:19:42","slug":"5851-2","status":"publish","type":"post","link":"https:\/\/www.villamarbel.com\/fr\/5851-2\/","title":{"rendered":"El Madro\u00f1al"},"content":{"rendered":"<p>El Madro\u00f1al, situ\u00e9 au pied de la Sierra de las Nieves, pr\u00e8s de Benahav\u00eds, est l'un des quartiers r\u00e9sidentiels les plus exclusifs de la Costa del Sol. R\u00e9put\u00e9 pour son intimit\u00e9, sa beaut\u00e9 naturelle et ses propri\u00e9t\u00e9s haut de gamme, il offre une \u00e9chapp\u00e9e sereine loin de l'agitation tout en \u00e9tant proche de Marbella et de Puerto Ban\u00fas. Voici ce qui rend El Madro\u00f1al unique :<\/p>\n\n\n\n<p><strong>1. Situation sur\u00e9lev\u00e9e avec vue imprenable<\/strong><\/p>\n\n\n\n<ul class=\"wp-block-list\">\n<li>La position sur\u00e9lev\u00e9e d'El Madro\u00f1al offre certaines des vues panoramiques les plus \u00e9tonnantes sur la mer M\u00e9diterran\u00e9e, Gibraltar et le littoral africain.<\/li>\n\n\n\n<li>Entour\u00e9e de for\u00eats luxuriantes de li\u00e8ges et de pins, la r\u00e9gion offre un cadre naturel tranquille et un sentiment d'exclusivit\u00e9.<\/li>\n<\/ul>\n\n\n\n<p>  <\/p>\n\n\n\n<p><strong>2. Communaut\u00e9 priv\u00e9e et cl\u00f4tur\u00e9e<\/strong><\/p>\n\n\n\n<ul class=\"wp-block-list\">\n<li>El Madro\u00f1al est une communaut\u00e9 s\u00e9curis\u00e9e avec plusieurs entr\u00e9es, chacune offrant une s\u00e9curit\u00e9 24 heures sur 24, garantissant l'intimit\u00e9 et la s\u00e9curit\u00e9 de ses r\u00e9sidents.<\/li>\n\n\n\n<li>Les grandes parcelles et la faible densit\u00e9 de l'am\u00e9nagement cr\u00e9ent un environnement paisible et isol\u00e9, ce qui en fait un lieu tr\u00e8s pris\u00e9 par ceux qui recherchent la discr\u00e9tion.<\/li>\n<\/ul>\n\n\n\n<p>  <\/p>\n\n\n\n<p><strong>3. Propri\u00e9t\u00e9s de prestige<\/strong><\/p>\n\n\n\n<ul class=\"wp-block-list\">\n<li>La r\u00e9gion est connue pour ses villas et domaines de luxe, dont beaucoup sont construits sur mesure : Des styles architecturaux traditionnels andalous ou contemporains. De vastes jardins, des piscines priv\u00e9es et de grandes terrasses. Des finitions haut de gamme et des \u00e9quipements de pointe.<\/li>\n\n\n\n<li>Les maisons d'El Madro\u00f1al sont souvent situ\u00e9es sur des parcelles g\u00e9n\u00e9reuses, ce qui permet d'avoir plus d'espace et d'intimit\u00e9 que dans d'autres quartiers de luxe comme le Golden Mile de Marbella.<\/li>\n<\/ul>\n\n\n\n<p>  <\/p>\n\n\n\n<p><strong>4. Proximit\u00e9 de Benahav\u00eds et de Marbella<\/strong><\/p>\n\n\n\n<ul class=\"wp-block-list\">\n<li>El Madro\u00f1al allie isolement et accessibilit\u00e9, puisqu'il se trouve \u00e0 seulement 10 minutes en voiture de San Pedro de Alc\u00e1ntara : 10 minutes en voiture de San Pedro de Alc\u00e1ntara. 15 minutes de Marbella et de Puerto Ban\u00fas. Proche du charmant village de Benahav\u00eds, connu pour ses excellents restaurants et son charme andalou.<\/li>\n\n\n\n<li>Cet endroit offre le meilleur des deux mondes : une vie tranquille en montagne et un acc\u00e8s facile au style de vie dynamique de la c\u00f4te.<\/li>\n<\/ul>\n\n\n\n<p>    <\/p>\n\n\n\n<p><strong>5. Beaut\u00e9 naturelle et mode de vie en plein air<\/strong><\/p>\n\n\n\n<ul class=\"wp-block-list\">\n<li>Entour\u00e9 par le parc naturel prot\u00e9g\u00e9 de la Sierra de las Nieves, El Madro\u00f1al est id\u00e9al pour faire de la randonn\u00e9e, du v\u00e9lo et profiter de la nature.<\/li>\n\n\n\n<li>Le cadre tranquille et verdoyant de la r\u00e9gion en fait un havre de paix pour ceux qui appr\u00e9cient la vie en plein air et les paysages spectaculaires.<\/li>\n<\/ul>\n\n\n\n<p>  <\/p>\n\n\n\n<p><strong>6. L'exclusivit\u00e9 sans la surpopulation<\/strong><\/p>\n\n\n\n<ul class=\"wp-block-list\">\n<li>Contrairement \u00e0 certains quartiers luxueux de la Costa del Sol, El Madro\u00f1al est une communaut\u00e9 \u00e0 faible densit\u00e9, ce qui lui permet de conserver une atmosph\u00e8re paisible et exclusive.<\/li>\n\n\n\n<li>Cela le rend tr\u00e8s attrayant pour les r\u00e9sidents qui pr\u00e9f\u00e8rent l'intimit\u00e9 \u00e0 l'animation sociale de quartiers comme Puerto Ban\u00fas.<\/li>\n<\/ul>\n\n\n\n<p>  <\/p>\n\n\n\n<p><strong>7. Climat plus frais<\/strong><\/p>\n\n\n\n<ul class=\"wp-block-list\">\n<li>En raison de son altitude l\u00e9g\u00e8rement plus \u00e9lev\u00e9e, El Madro\u00f1al b\u00e9n\u00e9ficie d'un microclimat plus frais que celui de la c\u00f4te, offrant des \u00e9t\u00e9s plus confortables tout en profitant des plus de 320 jours d'ensoleillement de la r\u00e9gion.<\/li>\n<\/ul>\n\n\n\n<p>  <\/p>\n\n\n\n<p><strong>8. Potentiel d'investissement<\/strong><\/p>\n\n\n\n<ul class=\"wp-block-list\">\n<li>Les propri\u00e9t\u00e9s d'El Madro\u00f1al sont consid\u00e9r\u00e9es comme un bon investissement en raison de leur exclusivit\u00e9, de leur intimit\u00e9 et de leur situation pittoresque.<\/li>\n\n\n\n<li>De nombreuses maisons de la r\u00e9gion atteignent des prix \u00e9lev\u00e9s, mais elles conservent leur valeur et offrent un excellent potentiel d'appr\u00e9ciation \u00e0 long terme.<\/li>\n<\/ul>\n\n\n\n<p>  <\/p>\n\n\n\n<p><strong>9. Environnement favorable \u00e0 la famille<\/strong><\/p>\n\n\n\n<ul class=\"wp-block-list\">\n<li>Le cadre paisible, les grandes propri\u00e9t\u00e9s et la proximit\u00e9 d'\u00e9coles internationales de premier ordre font d'El Madro\u00f1al un choix id\u00e9al pour les familles.<\/li>\n\n\n\n<li>La communaut\u00e9 ferm\u00e9e et l'environnement s\u00e9curis\u00e9 ajoutent \u00e0 son attrait pour ceux qui \u00e9l\u00e8vent des enfants.<\/li>\n<\/ul>\n\n\n\n<p>  <\/p>\n\n\n\n<p><strong>10. Sentiment d'appartenance \u00e0 une communaut\u00e9<\/strong><\/p>\n\n\n\n<ul class=\"wp-block-list\">\n<li>Bien qu'El Madro\u00f1al soit un lieu priv\u00e9 et exclusif, l'atmosph\u00e8re y est accueillante, avec un m\u00e9lange de r\u00e9sidents internationaux qui appr\u00e9cient le style de vie serein qu'il offre.<\/li>\n<\/ul>\n\n\n\n<p>  <\/p>\n\n\n\n<p><strong>Pour qui El Madro\u00f1al est-il parfait ?<\/strong><\/p>\n\n\n\n<ul class=\"wp-block-list\">\n<li>Les personnes fortun\u00e9es \u00e0 la recherche d'intimit\u00e9 et d'espace dans un cadre naturel et s\u00e9curis\u00e9.<\/li>\n\n\n\n<li>Familles \u00e0 la recherche d'un environnement calme et spacieux, proche des \u00e9coles et des commodit\u00e9s.<\/li>\n\n\n\n<li>Professionnels ou retrait\u00e9s souhaitant une retraite paisible avec un acc\u00e8s facile au style de vie dynamique de la Costa del Sol.<\/li>\n\n\n\n<li>Investisseurs immobiliers recherchant des biens exclusifs avec un fort potentiel d'appr\u00e9ciation.<\/li>\n<\/ul>\n\n\n\n<p>  <\/p>\n\n\n\n<p><strong>R\u00e9sum\u00e9<\/strong><\/p>\n\n\n\n<p>El Madro\u00f1al est une enclave unique sur la Costa del Sol qui offre une intimit\u00e9 in\u00e9gal\u00e9e, une beaut\u00e9 naturelle \u00e9poustouflante et une vie luxueuse. Sa position sur\u00e9lev\u00e9e, ses propri\u00e9t\u00e9s spacieuses et son atmosph\u00e8re tranquille en font un havre de paix pour ceux qui recherchent un mode de vie raffin\u00e9 loin des foules, tandis que sa proximit\u00e9 avec Marbella et Benahav\u00eds permet aux r\u00e9sidents d'acc\u00e9der facilement aux commodit\u00e9s de classe mondiale. Cet \u00e9quilibre entre isolement et commodit\u00e9 fait d'El Madro\u00f1al l'une des adresses les plus pris\u00e9es du sud de l'Espagne.<\/p>\n\n\n\n<p>  <\/p>\n\n\n\n<hr class=\"wp-block-separator has-text-color has-alpha-channel-opacity has-background\" style=\"background-color:#31869b;color:#31869b\"\/>\n\n\n<ul class=\"wp-block-latest-posts__list wp-block-latest-posts has-small-font-size\"><li><a class=\"wp-block-latest-posts__post-title\" href=\"https:\/\/www.villamarbel.com\/fr\/benahavis\/\">Benahavis<\/a><div class=\"wp-block-latest-posts__post-excerpt\">Benahavis the jewel of the Costa del Sol, it is a beautiful whitewashed\u2026 <a class=\"wp-block-latest-posts__read-more\" href=\"https:\/\/www.villamarbel.com\/fr\/benahavis\/\" rel=\"noopener noreferrer\">Lire la suite<span class=\"screen-reader-text\">\u00a0: Benahavis<\/span><\/a><\/div><\/li>\n<li><a class=\"wp-block-latest-posts__post-title\" href=\"https:\/\/www.villamarbel.com\/fr\/cascada-de-camojan\/\">Cascada de Camoj\u00e1n<\/a><div class=\"wp-block-latest-posts__post-excerpt\">Cascada de Camoj\u00e1n is one of the most exclusive and prestigious residential areas\u2026 <a class=\"wp-block-latest-posts__read-more\" href=\"https:\/\/www.villamarbel.com\/fr\/cascada-de-camojan\/\" rel=\"noopener noreferrer\">Lire la suite<span class=\"screen-reader-text\">\u00a0: Cascada de Camoj\u00e1n<\/span><\/a><\/div><\/li>\n<li><a class=\"wp-block-latest-posts__post-title\" href=\"https:\/\/www.villamarbel.com\/fr\/5851-2\/\">El Madro\u00f1al<\/a><div class=\"wp-block-latest-posts__post-excerpt\">El Madro\u00f1al, located in the foothills of the Sierra de las Nieves mountains\u2026 <a class=\"wp-block-latest-posts__read-more\" href=\"https:\/\/www.villamarbel.com\/fr\/5851-2\/\" rel=\"noopener noreferrer\">Lire la suite<span class=\"screen-reader-text\">\u00a0: El Madro\u00f1al<\/span><\/a><\/div><\/li>\n<li><a class=\"wp-block-latest-posts__post-title\" href=\"https:\/\/www.villamarbel.com\/fr\/el-paraiso\/\">El Para\u00edso<\/a><div class=\"wp-block-latest-posts__post-excerpt\">El Para\u00edso, located in Estepona on the Costa del Sol, is a tranquil\u2026 <a class=\"wp-block-latest-posts__read-more\" href=\"https:\/\/www.villamarbel.com\/fr\/el-paraiso\/\" rel=\"noopener noreferrer\">Lire la suite<span class=\"screen-reader-text\">\u00a0: El Para\u00edso<\/span><\/a><\/div><\/li>\n<li><a class=\"wp-block-latest-posts__post-title\" href=\"https:\/\/www.villamarbel.com\/fr\/guadalmina\/\">Guadalmina<\/a><div class=\"wp-block-latest-posts__post-excerpt\">Guadalmina, located in the western part of Marbella, is one of the most\u2026 <a class=\"wp-block-latest-posts__read-more\" href=\"https:\/\/www.villamarbel.com\/fr\/guadalmina\/\" rel=\"noopener noreferrer\">Lire la suite<span class=\"screen-reader-text\">\u00a0: Guadalmina<\/span><\/a><\/div><\/li>\n<li><a class=\"wp-block-latest-posts__post-title\" href=\"https:\/\/www.villamarbel.com\/fr\/la-quinta\/\">La Quinta<\/a><div class=\"wp-block-latest-posts__post-excerpt\">La Quinta is one of the most sought-after residential areas in the Marbella\u2026 <a class=\"wp-block-latest-posts__read-more\" href=\"https:\/\/www.villamarbel.com\/fr\/la-quinta\/\" rel=\"noopener noreferrer\">Lire la suite<span class=\"screen-reader-text\">\u00a0: La Quinta<\/span><\/a><\/div><\/li>\n<li><a class=\"wp-block-latest-posts__post-title\" href=\"https:\/\/www.villamarbel.com\/fr\/la-zagaleta\/\">La Zagaleta<\/a><div class=\"wp-block-latest-posts__post-excerpt\">La Zagaleta, nestled in the hills of Benahav\u00eds near Marbella, is often regarded\u2026 <a class=\"wp-block-latest-posts__read-more\" href=\"https:\/\/www.villamarbel.com\/fr\/la-zagaleta\/\" rel=\"noopener noreferrer\">Lire la suite<span class=\"screen-reader-text\">\u00a0: La Zagaleta<\/span><\/a><\/div><\/li>\n<li><a class=\"wp-block-latest-posts__post-title\" href=\"https:\/\/www.villamarbel.com\/fr\/los-arqueros\/\">Los Arqueros<\/a><div class=\"wp-block-latest-posts__post-excerpt\">Los Arqueros, located near Marbella on the Costa del Sol, is a prestigious\u2026 <a class=\"wp-block-latest-posts__read-more\" href=\"https:\/\/www.villamarbel.com\/fr\/los-arqueros\/\" rel=\"noopener noreferrer\">Lire la suite<span class=\"screen-reader-text\">\u00a0: Los Arqueros<\/span><\/a><\/div><\/li>\n<li><a class=\"wp-block-latest-posts__post-title\" href=\"https:\/\/www.villamarbel.com\/fr\/los-flamingos\/\">Les flamants roses<\/a><div class=\"wp-block-latest-posts__post-excerpt\">Los Flamingos, located near the town of Benahav\u00eds on the Costa del Sol,\u2026 <a class=\"wp-block-latest-posts__read-more\" href=\"https:\/\/www.villamarbel.com\/fr\/los-flamingos\/\" rel=\"noopener noreferrer\">Lire la suite<span class=\"screen-reader-text\">\u00a0: Los Flamingos<\/span><\/a><\/div><\/li>\n<li><a class=\"wp-block-latest-posts__post-title\" href=\"https:\/\/www.villamarbel.com\/fr\/marbella\/\">Marbella<\/a><div class=\"wp-block-latest-posts__post-excerpt\">Marbella, located on the southern coast of Spain in the Andalusian region, is\u2026 <a class=\"wp-block-latest-posts__read-more\" href=\"https:\/\/www.villamarbel.com\/fr\/marbella\/\" rel=\"noopener noreferrer\">Lire la suite<span class=\"screen-reader-text\">\u00a0: Marbella<\/span><\/a><\/div><\/li>\n<li><a class=\"wp-block-latest-posts__post-title\" href=\"https:\/\/www.villamarbel.com\/fr\/monte-mayor\/\">Monte Mayor<\/a><div class=\"wp-block-latest-posts__post-excerpt\">Monte Mayor, located in the Benahav\u00eds municipality on the Costa del Sol, is\u2026 <a class=\"wp-block-latest-posts__read-more\" href=\"https:\/\/www.villamarbel.com\/fr\/monte-mayor\/\" rel=\"noopener noreferrer\">Lire la suite<span class=\"screen-reader-text\">\u00a0: Monte Mayor<\/span><\/a><\/div><\/li>\n<li><a class=\"wp-block-latest-posts__post-title\" href=\"https:\/\/www.villamarbel.com\/fr\/nueva-andalucia\/\">Nouvelle Andalousie<\/a><div class=\"wp-block-latest-posts__post-excerpt\">Nueva Andaluc\u00eda is unique for a variety of reasons, blending luxury, natural beauty,\u2026 <a class=\"wp-block-latest-posts__read-more\" href=\"https:\/\/www.villamarbel.com\/fr\/nueva-andalucia\/\" rel=\"noopener noreferrer\">Lire la suite<span class=\"screen-reader-text\">\u00a0: Nueva Andalucia<\/span><\/a><\/div><\/li>\n<li><a class=\"wp-block-latest-posts__post-title\" href=\"https:\/\/www.villamarbel.com\/fr\/puente-romano\/\">Puente Romano<\/a><div class=\"wp-block-latest-posts__post-excerpt\">Puente Romano, located on Marbella\u2019s prestigious Golden Mile, is one of the most\u2026 <a class=\"wp-block-latest-posts__read-more\" href=\"https:\/\/www.villamarbel.com\/fr\/puente-romano\/\" rel=\"noopener noreferrer\">Lire la suite<span class=\"screen-reader-text\">\u00a0: Puente Romano<\/span><\/a><\/div><\/li>\n<li><a class=\"wp-block-latest-posts__post-title\" href=\"https:\/\/www.villamarbel.com\/fr\/puerto-banus\/\">Puerto Ban\u00fas<\/a><div class=\"wp-block-latest-posts__post-excerpt\">Puerto Ban\u00fas, located west of Marbella, is one of the most glamorous and\u2026 <a class=\"wp-block-latest-posts__read-more\" href=\"https:\/\/www.villamarbel.com\/fr\/puerto-banus\/\" rel=\"noopener noreferrer\">Lire la suite<span class=\"screen-reader-text\">\u00a0: Puerto Ban\u00fas<\/span><\/a><\/div><\/li>\n<li><a class=\"wp-block-latest-posts__post-title\" href=\"https:\/\/www.villamarbel.com\/fr\/san-pedro-de-alcantara\/\">San Pedro de Alc\u00e1ntara<\/a><div class=\"wp-block-latest-posts__post-excerpt\">San Pedro de Alc\u00e1ntara, located just west of Marbella, is a charming and\u2026 <a class=\"wp-block-latest-posts__read-more\" href=\"https:\/\/www.villamarbel.com\/fr\/san-pedro-de-alcantara\/\" rel=\"noopener noreferrer\">Lire la suite<span class=\"screen-reader-text\">\u00a0: San Pedro de Alc\u00e1ntara<\/span><\/a><\/div><\/li>\n<li><a class=\"wp-block-latest-posts__post-title\" href=\"https:\/\/www.villamarbel.com\/fr\/sierra-blanca\/\">Sierra Blanca<\/a><div class=\"wp-block-latest-posts__post-excerpt\">Sierra Blanca, located just above Marbella&#8217;s iconic Golden Mile, is one of the\u2026 <a class=\"wp-block-latest-posts__read-more\" href=\"https:\/\/www.villamarbel.com\/fr\/sierra-blanca\/\" rel=\"noopener noreferrer\">Lire la suite<span class=\"screen-reader-text\">\u00a0: Sierra Blanca<\/span><\/a><\/div><\/li>\n<li><a class=\"wp-block-latest-posts__post-title\" href=\"https:\/\/www.villamarbel.com\/fr\/the-golden-mile\/\">The Golden Mile<\/a><div class=\"wp-block-latest-posts__post-excerpt\">The Golden Mile in Marbella, Spain, is one of the most iconic and\u2026 <a class=\"wp-block-latest-posts__read-more\" href=\"https:\/\/www.villamarbel.com\/fr\/the-golden-mile\/\" rel=\"noopener noreferrer\">Lire la suite<span class=\"screen-reader-text\">\u00a0: The Golden Mile<\/span><\/a><\/div><\/li>\n<\/ul>\n\n\n<p><\/p>","protected":false},"excerpt":{"rendered":"<p>El Madro\u00f1al, situ\u00e9 au pied de la Sierra de las Nieves, pr\u00e8s de Benahav\u00eds, est l'un des quartiers r\u00e9sidentiels les plus exclusifs de la Costa del Sol. R\u00e9put\u00e9 pour son intimit\u00e9, sa beaut\u00e9 naturelle et ses propri\u00e9t\u00e9s haut de gamme, il offre une \u00e9chapp\u00e9e sereine loin de l'agitation tout en \u00e9tant proche de Marbella et de Puerto Ban\u00fas. [...]<\/p>","protected":false},"author":4,"featured_media":0,"comment_status":"closed","ping_status":"closed","sticky":false,"template":"","format":"standard","meta":{"_acf_changed":false,"om_disable_all_campaigns":false,"_monsterinsights_skip_tracking":false,"_monsterinsights_sitenote_active":false,"_monsterinsights_sitenote_note":"","_monsterinsights_sitenote_category":0,"footnotes":""},"categories":[44],"tags":[],"class_list":["post-5851","post","type-post","status-publish","format-standard","hentry","category-the-regions"],"acf":[],"yoast_head":"<!-- This site is optimized with the Yoast SEO Premium plugin v25.8 (Yoast SEO v25.8) - https:\/\/yoast.com\/wordpress\/plugins\/seo\/ -->\n<title>El Madro\u00f1al - Area Guide, The Regions | Villamarbel<\/title>\n<meta name=\"description\" content=\"El Madro\u00f1al, located in the foothills of the Sierra de las Nieves mountains near Benahav\u00eds, is one of the most exclusive residential areas.\" \/>\n<meta name=\"robots\" content=\"index, follow, max-snippet:-1, max-image-preview:large, max-video-preview:-1\" \/>\n<link rel=\"canonical\" href=\"https:\/\/www.villamarbel.com\/fr\/5851-2\/\" \/>\n<meta property=\"og:locale\" content=\"fr_FR\" \/>\n<meta property=\"og:type\" content=\"article\" \/>\n<meta property=\"og:title\" content=\"El Madro\u00f1al - Area Guide, The Regions | Villamarbel\" \/>\n<meta property=\"og:description\" content=\"El Madro\u00f1al, located in the foothills of the Sierra de las Nieves mountains near Benahav\u00eds, is one of the most exclusive residential areas.\" \/>\n<meta property=\"og:url\" content=\"https:\/\/www.villamarbel.com\/fr\/5851-2\/\" \/>\n<meta property=\"og:site_name\" content=\"For Sale in Marbella, Andalusia, Spain | Villamarbel\" \/>\n<meta property=\"article:publisher\" content=\"https:\/\/www.facebook.com\/immomarbel\" \/>\n<meta property=\"article:published_time\" content=\"2024-12-30T07:41:26+00:00\" \/>\n<meta property=\"article:modified_time\" content=\"2024-12-31T10:19:42+00:00\" \/>\n<meta property=\"og:image\" content=\"https:\/\/www.villamarbel.com\/wp-content\/uploads\/2024\/12\/villamarbel-real-estate-marbella.jpg\" \/>\n\t<meta property=\"og:image:width\" content=\"2048\" \/>\n\t<meta property=\"og:image:height\" content=\"1153\" \/>\n\t<meta property=\"og:image:type\" content=\"image\/jpeg\" \/>\n<meta name=\"author\" content=\"villamarbel\" \/>\n<meta name=\"twitter:card\" content=\"summary_large_image\" \/>\n<meta name=\"twitter:title\" content=\"El Madro\u00f1al - Area Guide, The Regions | Villamarbel\" \/>\n<meta name=\"twitter:description\" content=\"El Madro\u00f1al, located in the foothills of the Sierra de las Nieves mountains near Benahav\u00eds, is one of the most exclusive residential areas.\" \/>\n<meta name=\"twitter:label1\" content=\"\u00c9crit par\" \/>\n\t<meta name=\"twitter:data1\" content=\"villamarbel\" \/>\n\t<meta name=\"twitter:label2\" content=\"Dur\u00e9e de lecture estim\u00e9e\" \/>\n\t<meta name=\"twitter:data2\" content=\"3 minutes\" \/>\n<script type=\"application\/ld+json\" class=\"yoast-schema-graph\">{\"@context\":\"https:\/\/schema.org\",\"@graph\":[{\"@type\":\"WebPage\",\"@id\":\"https:\/\/www.villamarbel.com\/5851-2\/\",\"url\":\"https:\/\/www.villamarbel.com\/5851-2\/\",\"name\":\"El Madro\u00f1al - Area Guide, The Regions | Villamarbel\",\"isPartOf\":{\"@id\":\"https:\/\/www.villamarbel.com\/#website\"},\"datePublished\":\"2024-12-30T07:41:26+00:00\",\"dateModified\":\"2024-12-31T10:19:42+00:00\",\"description\":\"El Madro\u00f1al, located in the foothills of the Sierra de las Nieves mountains near Benahav\u00eds, is one of the most exclusive residential areas.\",\"breadcrumb\":{\"@id\":\"https:\/\/www.villamarbel.com\/5851-2\/#breadcrumb\"},\"inLanguage\":\"fr-FR\",\"potentialAction\":[{\"@type\":\"ReadAction\",\"target\":[\"https:\/\/www.villamarbel.com\/5851-2\/\"]}]},{\"@type\":\"BreadcrumbList\",\"@id\":\"https:\/\/www.villamarbel.com\/5851-2\/#breadcrumb\",\"itemListElement\":[{\"@type\":\"ListItem\",\"position\":1,\"name\":\"Home\",\"item\":\"https:\/\/www.villamarbel.com\/\"},{\"@type\":\"ListItem\",\"position\":2,\"name\":\"El Madro\u00f1al\"}]},{\"@type\":\"WebSite\",\"@id\":\"https:\/\/www.villamarbel.com\/#website\",\"url\":\"https:\/\/www.villamarbel.com\/\",\"name\":\"For Sale in Marbella, Andalusia, Spain | Villamarbel by Immo Marbel\",\"description\":\"For Sale in Marbella, Costa del Sol, Andalusia, Spain | Villamarbel by Immo Marbel\",\"publisher\":{\"@id\":\"https:\/\/www.villamarbel.com\/#organization\"},\"potentialAction\":[{\"@type\":\"SearchAction\",\"target\":{\"@type\":\"EntryPoint\",\"urlTemplate\":\"https:\/\/www.villamarbel.com\/?s={search_term_string}\"},\"query-input\":{\"@type\":\"PropertyValueSpecification\",\"valueRequired\":true,\"valueName\":\"search_term_string\"}}],\"inLanguage\":\"fr-FR\"},{\"@type\":\"Organization\",\"@id\":\"https:\/\/www.villamarbel.com\/#organization\",\"name\":\"Villamarbel Real Estate Marbella\",\"alternateName\":\"Villamarbel\",\"url\":\"https:\/\/www.villamarbel.com\/\",\"logo\":{\"@type\":\"ImageObject\",\"inLanguage\":\"fr-FR\",\"@id\":\"https:\/\/www.villamarbel.com\/#\/schema\/logo\/image\/\",\"url\":\"https:\/\/www.villamarbel.com\/wp-content\/uploads\/2024\/10\/logo-villamarbel-M.png\",\"contentUrl\":\"https:\/\/www.villamarbel.com\/wp-content\/uploads\/2024\/10\/logo-villamarbel-M.png\",\"width\":563,\"height\":563,\"caption\":\"Villamarbel Real Estate Marbella\"},\"image\":{\"@id\":\"https:\/\/www.villamarbel.com\/#\/schema\/logo\/image\/\"},\"sameAs\":[\"https:\/\/www.facebook.com\/immomarbel\",\"https:\/\/www.instagram.com\/immomarbel\/\"],\"description\":\"Real Estate company in Marbella Spain that sales luxury properties, houses, villas, penthouses.\",\"email\":\"info@immomarbel.com\",\"legalName\":\"Villamarbel\"}]}<\/script>\n<!-- \/ Yoast SEO Premium plugin. -->","yoast_head_json":{"title":"El Madro\u00f1al - Guide des r\u00e9gions, Les r\u00e9gions | Villamarbel","description":"El Madro\u00f1al, situ\u00e9 au pied de la Sierra de las Nieves, pr\u00e8s de Benahav\u00eds, est l'un des quartiers r\u00e9sidentiels les plus exclusifs.","robots":{"index":"index","follow":"follow","max-snippet":"max-snippet:-1","max-image-preview":"max-image-preview:large","max-video-preview":"max-video-preview:-1"},"canonical":"https:\/\/www.villamarbel.com\/fr\/5851-2\/","og_locale":"fr_FR","og_type":"article","og_title":"El Madro\u00f1al - Area Guide, The Regions | Villamarbel","og_description":"El Madro\u00f1al, located in the foothills of the Sierra de las Nieves mountains near Benahav\u00eds, is one of the most exclusive residential areas.","og_url":"https:\/\/www.villamarbel.com\/fr\/5851-2\/","og_site_name":"For Sale in Marbella, Andalusia, Spain | Villamarbel","article_publisher":"https:\/\/www.facebook.com\/immomarbel","article_published_time":"2024-12-30T07:41:26+00:00","article_modified_time":"2024-12-31T10:19:42+00:00","og_image":[{"width":2048,"height":1153,"url":"https:\/\/www.villamarbel.com\/wp-content\/uploads\/2024\/12\/villamarbel-real-estate-marbella.jpg","type":"image\/jpeg"}],"author":"villamarbel","twitter_card":"summary_large_image","twitter_title":"El Madro\u00f1al - Area Guide, The Regions | Villamarbel","twitter_description":"El Madro\u00f1al, located in the foothills of the Sierra de las Nieves mountains near Benahav\u00eds, is one of the most exclusive residential areas.","twitter_misc":{"\u00c9crit par":"villamarbel","Dur\u00e9e de lecture estim\u00e9e":"3 minutes"},"schema":{"@context":"https:\/\/schema.org","@graph":[{"@type":"WebPage","@id":"https:\/\/www.villamarbel.com\/5851-2\/","url":"https:\/\/www.villamarbel.com\/5851-2\/","name":"El Madro\u00f1al - Guide des r\u00e9gions, Les r\u00e9gions | Villamarbel","isPartOf":{"@id":"https:\/\/www.villamarbel.com\/#website"},"datePublished":"2024-12-30T07:41:26+00:00","dateModified":"2024-12-31T10:19:42+00:00","description":"El Madro\u00f1al, situ\u00e9 au pied de la Sierra de las Nieves, pr\u00e8s de Benahav\u00eds, est l'un des quartiers r\u00e9sidentiels les plus exclusifs.","breadcrumb":{"@id":"https:\/\/www.villamarbel.com\/5851-2\/#breadcrumb"},"inLanguage":"fr-FR","potentialAction":[{"@type":"ReadAction","target":["https:\/\/www.villamarbel.com\/5851-2\/"]}]},{"@type":"BreadcrumbList","@id":"https:\/\/www.villamarbel.com\/5851-2\/#breadcrumb","itemListElement":[{"@type":"ListItem","position":1,"name":"Home","item":"https:\/\/www.villamarbel.com\/"},{"@type":"ListItem","position":2,"name":"El Madro\u00f1al"}]},{"@type":"WebSite","@id":"https:\/\/www.villamarbel.com\/#website","url":"https:\/\/www.villamarbel.com\/","name":"Vente \u00e0 Marbella, Andalousie, Espagne | Villamarbel by Immo Marbel","description":"Vente \u00e0 Marbella, Costa del Sol, Andalousie, Espagne | Villamarbel by Immo Marbel","publisher":{"@id":"https:\/\/www.villamarbel.com\/#organization"},"potentialAction":[{"@type":"SearchAction","target":{"@type":"EntryPoint","urlTemplate":"https:\/\/www.villamarbel.com\/?s={search_term_string}"},"query-input":{"@type":"PropertyValueSpecification","valueRequired":true,"valueName":"search_term_string"}}],"inLanguage":"fr-FR"},{"@type":"Organization","@id":"https:\/\/www.villamarbel.com\/#organization","name":"Villamarbel Immobilier Marbella","alternateName":"Villamarbel","url":"https:\/\/www.villamarbel.com\/","logo":{"@type":"ImageObject","inLanguage":"fr-FR","@id":"https:\/\/www.villamarbel.com\/#\/schema\/logo\/image\/","url":"https:\/\/www.villamarbel.com\/wp-content\/uploads\/2024\/10\/logo-villamarbel-M.png","contentUrl":"https:\/\/www.villamarbel.com\/wp-content\/uploads\/2024\/10\/logo-villamarbel-M.png","width":563,"height":563,"caption":"Villamarbel Real Estate Marbella"},"image":{"@id":"https:\/\/www.villamarbel.com\/#\/schema\/logo\/image\/"},"sameAs":["https:\/\/www.facebook.com\/immomarbel","https:\/\/www.instagram.com\/immomarbel\/"],"description":"Soci\u00e9t\u00e9 immobili\u00e8re \u00e0 Marbella en Espagne qui vend des propri\u00e9t\u00e9s de luxe, des maisons, des villas, des penthouses.","email":"info@immomarbel.com","legalName":"Villamarbel"}]}},"_links":{"self":[{"href":"https:\/\/www.villamarbel.com\/fr\/wp-json\/wp\/v2\/posts\/5851","targetHints":{"allow":["GET"]}}],"collection":[{"href":"https:\/\/www.villamarbel.com\/fr\/wp-json\/wp\/v2\/posts"}],"about":[{"href":"https:\/\/www.villamarbel.com\/fr\/wp-json\/wp\/v2\/types\/post"}],"author":[{"embeddable":true,"href":"https:\/\/www.villamarbel.com\/fr\/wp-json\/wp\/v2\/users\/4"}],"replies":[{"embeddable":true,"href":"https:\/\/www.villamarbel.com\/fr\/wp-json\/wp\/v2\/comments?post=5851"}],"version-history":[{"count":0,"href":"https:\/\/www.villamarbel.com\/fr\/wp-json\/wp\/v2\/posts\/5851\/revisions"}],"wp:attachment":[{"href":"https:\/\/www.villamarbel.com\/fr\/wp-json\/wp\/v2\/media?parent=5851"}],"wp:term":[{"taxonomy":"category","embeddable":true,"href":"https:\/\/www.villamarbel.com\/fr\/wp-json\/wp\/v2\/categories?post=5851"},{"taxonomy":"post_tag","embeddable":true,"href":"https:\/\/www.villamarbel.com\/fr\/wp-json\/wp\/v2\/tags?post=5851"}],"curies":[{"name":"wp","href":"https:\/\/api.w.org\/{rel}","templated":true}]}}