{"id":5851,"date":"2024-12-30T07:41:26","date_gmt":"2024-12-30T07:41:26","guid":{"rendered":"https:\/\/www.villamarbel.com\/?p=5851"},"modified":"2024-12-31T10:19:42","modified_gmt":"2024-12-31T10:19:42","slug":"5851-2","status":"publish","type":"post","link":"https:\/\/www.villamarbel.com\/fi\/5851-2\/","title":{"rendered":"El Madro\u00f1al"},"content":{"rendered":"<p>El Madro\u00f1al, joka sijaitsee Sierra de las Nieves -vuoriston juurella l\u00e4hell\u00e4 Benahavisia, on yksi Costa del Solin hienoimmista asuinalueista. Se on tunnettu yksityisyydest\u00e4\u00e4n, luonnonkauneudestaan ja korkealuokkaisista kiinteist\u00f6ist\u00e4\u00e4n, ja se tarjoaa seesteisen pakopaikan h\u00e4lin\u00e4st\u00e4, vaikka se on l\u00e4hell\u00e4 Marbellaa ja Puerto Ban\u00fasia. T\u00e4m\u00e4 tekee El Madro\u00f1alista ainutlaatuisen:<\/p>\n\n\n\n<p><strong>1. Korkealla sijaitseva sijainti henke\u00e4salpaavilla n\u00e4kymill\u00e4<\/strong><\/p>\n\n\n\n<ul class=\"wp-block-list\">\n<li>El Madro\u00f1alin korkea sijainti tarjoaa upeimmat panoraaman\u00e4kym\u00e4t V\u00e4limerelle, Gibraltarille ja Afrikan rannikolle.<\/li>\n\n\n\n<li>Korkki- ja m\u00e4ntymetsien ymp\u00e4r\u00f6im\u00e4 alue tarjoaa rauhallisen, luonnonl\u00e4heisen ja yksinoikeudellisen ymp\u00e4rist\u00f6n.<\/li>\n<\/ul>\n\n\n\n<p>  <\/p>\n\n\n\n<p><strong>2. Aidattu ja yksityinen yhteis\u00f6<\/strong><\/p>\n\n\n\n<ul class=\"wp-block-list\">\n<li>El Madro\u00f1al on turvallinen aidattu yhteis\u00f6, jossa on useita sis\u00e4\u00e4nk\u00e4yntej\u00e4, joista jokaisessa on ymp\u00e4rivuorokautinen vartiointi, mik\u00e4 takaa asukkaiden yksityisyyden ja turvallisuuden.<\/li>\n\n\n\n<li>Suuret tontit ja harvaan asutut alueet luovat rauhallisen, syrj\u00e4isen ymp\u00e4rist\u00f6n, mik\u00e4 tekee siit\u00e4 suositun niiden keskuudessa, jotka etsiv\u00e4t rauhallisuutta.<\/li>\n<\/ul>\n\n\n\n<p>  <\/p>\n\n\n\n<p><strong>3. Arvostetut kiinteist\u00f6t<\/strong><\/p>\n\n\n\n<ul class=\"wp-block-list\">\n<li>Alue on tunnettu ylellisist\u00e4 huviloista ja kartanoista, joista monet on rakennettu mittatilausty\u00f6n\u00e4: Perinteist\u00e4 andalusialaista tai nykyaikaista arkkitehtuuria. Laajat puutarhat, yksityiset uima-altaat ja suuret terassit. Korkealuokkaiset viimeistelyt ja huippuluokan mukavuudet.<\/li>\n\n\n\n<li>El Madro\u00f1alin asunnot sijaitsevat usein suurilla tonteilla, mik\u00e4 tarjoaa enemm\u00e4n tilaa ja yksityisyytt\u00e4 kuin muut luksusalueet, kuten Marbellan Golden Mile.<\/li>\n<\/ul>\n\n\n\n<p>  <\/p>\n\n\n\n<p><strong>4. Benahavisin ja Marbellan l\u00e4heisyys<\/strong><\/p>\n\n\n\n<ul class=\"wp-block-list\">\n<li>El Madro\u00f1alissa yhdistyv\u00e4t erist\u00e4ytyneisyys ja saavutettavuus, sill\u00e4 se sijaitsee vain: 10 minuutin ajomatkan p\u00e4\u00e4ss\u00e4 San Pedro de Alc\u00e1ntarasta. 15 minuutin p\u00e4\u00e4ss\u00e4 Marbellasta ja Puerto Ban\u00fasista. L\u00e4hell\u00e4 vieh\u00e4tt\u00e4v\u00e4\u00e4 Benahav\u00edsin kyl\u00e4\u00e4, joka on tunnettu erinomaisista ravintoloista ja andalusialaisesta charmista.<\/li>\n\n\n\n<li>T\u00e4m\u00e4 sijainti tarjoaa molempien maailmojen parhaat puolet: rauhallinen vuoristoasuminen ja helppo p\u00e4\u00e4sy vilkkaaseen rannikon el\u00e4m\u00e4ntyyliin.<\/li>\n<\/ul>\n\n\n\n<p>    <\/p>\n\n\n\n<p><strong>5. Luonnonkauneus ja ulkoilmael\u00e4m\u00e4ntapa<\/strong><\/p>\n\n\n\n<ul class=\"wp-block-list\">\n<li>Suojellun Sierra de las Nievesin luonnonpuiston ymp\u00e4r\u00f6im\u00e4 El Madro\u00f1al on ihanteellinen paikka patikointiin, py\u00f6r\u00e4ilyyn ja luonnosta nauttimiseen.<\/li>\n\n\n\n<li>Alueen rauhallinen ja vehre\u00e4 ymp\u00e4rist\u00f6 tekee siit\u00e4 turvapaikan niille, jotka arvostavat ulkoilmael\u00e4m\u00e4\u00e4 ja upeita maisemia.<\/li>\n<\/ul>\n\n\n\n<p>  <\/p>\n\n\n\n<p><strong>6. Yksinoikeus ilman ahtautta<\/strong><\/p>\n\n\n\n<ul class=\"wp-block-list\">\n<li>Toisin kuin joillakin Costa del Solin vilkkaammilla luksusalueilla, El Madro\u00f1al on harvaan asuttu yhteis\u00f6, mik\u00e4 takaa sen rauhallisen ja eksklusiivisen ilmapiirin.<\/li>\n\n\n\n<li>T\u00e4m\u00e4 tekee siit\u00e4 eritt\u00e4in houkuttelevan asukkaille, jotka arvostavat yksityisyytt\u00e4 Puerto Ban\u00fasin kaltaisten alueiden sosiaalisen vilkkauden sijaan.<\/li>\n<\/ul>\n\n\n\n<p>  <\/p>\n\n\n\n<p><strong>7. Viile\u00e4mpi ilmasto<\/strong><\/p>\n\n\n\n<ul class=\"wp-block-list\">\n<li>Hieman korkeamman sijaintinsa ansiosta El Madro\u00f1alissa on viile\u00e4mpi mikroilmasto kuin rannikolla, mik\u00e4 tarjoaa miellytt\u00e4v\u00e4mm\u00e4t kes\u00e4t, mutta se hy\u00f6tyy silti alueen yli 320 p\u00e4iv\u00e4n auringonpaisteesta.<\/li>\n<\/ul>\n\n\n\n<p>  <\/p>\n\n\n\n<p><strong>8. Investointipotentiaali<\/strong><\/p>\n\n\n\n<ul class=\"wp-block-list\">\n<li>El Madro\u00f1alin kiinteist\u00f6j\u00e4 pidet\u00e4\u00e4n vahvoina sijoituskohteina niiden yksinoikeuden, yksityisyyden ja luonnonkauniin sijainnin vuoksi.<\/li>\n\n\n\n<li>Monet alueen asunnot ovat kalliita, mutta niiden arvo s\u00e4ilyy ja ne tarjoavat erinomaiset mahdollisuudet arvonnousuun pitk\u00e4ll\u00e4 aikav\u00e4lill\u00e4.<\/li>\n<\/ul>\n\n\n\n<p>  <\/p>\n\n\n\n<p><strong>9. Perheyst\u00e4v\u00e4llinen ymp\u00e4rist\u00f6<\/strong><\/p>\n\n\n\n<ul class=\"wp-block-list\">\n<li>Rauhallinen ymp\u00e4rist\u00f6, suuret kiinteist\u00f6t ja huippuluokan kansainv\u00e4listen koulujen l\u00e4heisyys tekev\u00e4t El Madro\u00f1alista t\u00e4ydellisen valinnan perheille.<\/li>\n\n\n\n<li>Aidattu yhteis\u00f6 ja turvallinen ymp\u00e4rist\u00f6 lis\u00e4\u00e4v\u00e4t sen vetovoimaa lapsia kasvattaville.<\/li>\n<\/ul>\n\n\n\n<p>  <\/p>\n\n\n\n<p><strong>10. Yhteis\u00f6llisyys<\/strong><\/p>\n\n\n\n<ul class=\"wp-block-list\">\n<li>Vaikka El Madro\u00f1al on yksityinen ja eksklusiivinen, sen ilmapiiri on viihtyis\u00e4, ja siell\u00e4 asuu kansainv\u00e4lisi\u00e4 asukkaita, jotka nauttivat sen tarjoamasta rauhallisesta el\u00e4m\u00e4ntyylist\u00e4.<\/li>\n<\/ul>\n\n\n\n<p>  <\/p>\n\n\n\n<p><strong>Kenelle El Madro\u00f1al sopii?<\/strong><\/p>\n\n\n\n<ul class=\"wp-block-list\">\n<li>Varakkaat yksityishenkil\u00f6t, jotka etsiv\u00e4t yksityisyytt\u00e4 ja tilaa turvallisessa, luonnollisessa ymp\u00e4rist\u00f6ss\u00e4.<\/li>\n\n\n\n<li>Perheet, jotka etsiv\u00e4t rauhallista ja tilavaa ymp\u00e4rist\u00f6\u00e4 l\u00e4hell\u00e4 kouluja ja palveluita.<\/li>\n\n\n\n<li>Ammattilaiset tai el\u00e4kel\u00e4iset, jotka haluavat rauhallisen turvapaikan, josta on helppo p\u00e4\u00e4st\u00e4 Costa del Solin vilkkaaseen el\u00e4m\u00e4ntyyliin.<\/li>\n\n\n\n<li>Kiinteist\u00f6sijoittajat, jotka etsiv\u00e4t yksinoikeudellisia kiinteist\u00f6j\u00e4, joilla on vahva arvonnousupotentiaali.<\/li>\n<\/ul>\n\n\n\n<p>  <\/p>\n\n\n\n<p><strong>Yhteenveto<\/strong><\/p>\n\n\n\n<p>El Madro\u00f1al on ainutlaatuinen erillisalue Costa del Solilla, joka tarjoaa vertaansa vailla olevaa yksityisyytt\u00e4, upeaa luonnonkauneutta ja ylellist\u00e4 el\u00e4m\u00e4\u00e4. Sen korkea sijainti, tilavat kiinteist\u00f6t ja rauhallinen ilmapiiri tekev\u00e4t siit\u00e4 turvapaikan niille, jotka etsiv\u00e4t hienostunutta el\u00e4m\u00e4ntapaa kaukana v\u00e4kijoukoista, ja sen l\u00e4heisyys Marbellaan ja Benahavisiin takaa asukkaille helpon p\u00e4\u00e4syn maailmanluokan mukavuuksiin. T\u00e4m\u00e4 erist\u00e4ytyneisyyden ja mukavuuden tasapaino tekee El Madro\u00f1alista yhden Etel\u00e4-Espanjan halutuimmista osoitteista.<\/p>\n\n\n\n<p>  <\/p>\n\n\n\n<hr class=\"wp-block-separator has-text-color has-alpha-channel-opacity has-background\" style=\"background-color:#31869b;color:#31869b\"\/>\n\n\n<ul class=\"wp-block-latest-posts__list wp-block-latest-posts has-small-font-size\"><li><a class=\"wp-block-latest-posts__post-title\" href=\"https:\/\/www.villamarbel.com\/fi\/benahavis\/\">Benahavis<\/a><div class=\"wp-block-latest-posts__post-excerpt\">Benahavis the jewel of the Costa del Sol, it is a beautiful whitewashed\u2026 <a class=\"wp-block-latest-posts__read-more\" href=\"https:\/\/www.villamarbel.com\/fi\/benahavis\/\" rel=\"noopener noreferrer\">Lue lis\u00e4\u00e4<span class=\"screen-reader-text\">: Benahavis<\/span><\/a><\/div><\/li>\n<li><a class=\"wp-block-latest-posts__post-title\" href=\"https:\/\/www.villamarbel.com\/fi\/cascada-de-camojan\/\">Cascada de Camoj\u00e1n<\/a><div class=\"wp-block-latest-posts__post-excerpt\">Cascada de Camoj\u00e1n is one of the most exclusive and prestigious residential areas\u2026 <a class=\"wp-block-latest-posts__read-more\" href=\"https:\/\/www.villamarbel.com\/fi\/cascada-de-camojan\/\" rel=\"noopener noreferrer\">Lue lis\u00e4\u00e4<span class=\"screen-reader-text\">: Cascada de Camoj\u00e1n<\/span><\/a><\/div><\/li>\n<li><a class=\"wp-block-latest-posts__post-title\" href=\"https:\/\/www.villamarbel.com\/fi\/5851-2\/\">El Madro\u00f1al<\/a><div class=\"wp-block-latest-posts__post-excerpt\">El Madro\u00f1al, located in the foothills of the Sierra de las Nieves mountains\u2026 <a class=\"wp-block-latest-posts__read-more\" href=\"https:\/\/www.villamarbel.com\/fi\/5851-2\/\" rel=\"noopener noreferrer\">Lue lis\u00e4\u00e4<span class=\"screen-reader-text\">: El Madro\u00f1al<\/span><\/a><\/div><\/li>\n<li><a class=\"wp-block-latest-posts__post-title\" href=\"https:\/\/www.villamarbel.com\/fi\/el-paraiso\/\">El Para\u00edso<\/a><div class=\"wp-block-latest-posts__post-excerpt\">El Para\u00edso, located in Estepona on the Costa del Sol, is a tranquil\u2026 <a class=\"wp-block-latest-posts__read-more\" href=\"https:\/\/www.villamarbel.com\/fi\/el-paraiso\/\" rel=\"noopener noreferrer\">Lue lis\u00e4\u00e4<span class=\"screen-reader-text\">: El Para\u00edso<\/span><\/a><\/div><\/li>\n<li><a class=\"wp-block-latest-posts__post-title\" href=\"https:\/\/www.villamarbel.com\/fi\/guadalmina\/\">Guadalmina<\/a><div class=\"wp-block-latest-posts__post-excerpt\">Guadalmina, located in the western part of Marbella, is one of the most\u2026 <a class=\"wp-block-latest-posts__read-more\" href=\"https:\/\/www.villamarbel.com\/fi\/guadalmina\/\" rel=\"noopener noreferrer\">Lue lis\u00e4\u00e4<span class=\"screen-reader-text\">: Guadalmina<\/span><\/a><\/div><\/li>\n<li><a class=\"wp-block-latest-posts__post-title\" href=\"https:\/\/www.villamarbel.com\/fi\/la-quinta\/\">La Quinta<\/a><div class=\"wp-block-latest-posts__post-excerpt\">La Quinta is one of the most sought-after residential areas in the Marbella\u2026 <a class=\"wp-block-latest-posts__read-more\" href=\"https:\/\/www.villamarbel.com\/fi\/la-quinta\/\" rel=\"noopener noreferrer\">Lue lis\u00e4\u00e4<span class=\"screen-reader-text\">: La Quinta<\/span><\/a><\/div><\/li>\n<li><a class=\"wp-block-latest-posts__post-title\" href=\"https:\/\/www.villamarbel.com\/fi\/la-zagaleta\/\">La Zagaleta<\/a><div class=\"wp-block-latest-posts__post-excerpt\">La Zagaleta, nestled in the hills of Benahav\u00eds near Marbella, is often regarded\u2026 <a class=\"wp-block-latest-posts__read-more\" href=\"https:\/\/www.villamarbel.com\/fi\/la-zagaleta\/\" rel=\"noopener noreferrer\">Lue lis\u00e4\u00e4<span class=\"screen-reader-text\">: La Zagaleta<\/span><\/a><\/div><\/li>\n<li><a class=\"wp-block-latest-posts__post-title\" href=\"https:\/\/www.villamarbel.com\/fi\/los-arqueros\/\">Los Arqueros<\/a><div class=\"wp-block-latest-posts__post-excerpt\">Los Arqueros, located near Marbella on the Costa del Sol, is a prestigious\u2026 <a class=\"wp-block-latest-posts__read-more\" href=\"https:\/\/www.villamarbel.com\/fi\/los-arqueros\/\" rel=\"noopener noreferrer\">Lue lis\u00e4\u00e4<span class=\"screen-reader-text\">: Los Arqueros<\/span><\/a><\/div><\/li>\n<li><a class=\"wp-block-latest-posts__post-title\" href=\"https:\/\/www.villamarbel.com\/fi\/los-flamingos\/\">Los Flamingot<\/a><div class=\"wp-block-latest-posts__post-excerpt\">Los Flamingos, located near the town of Benahav\u00eds on the Costa del Sol,\u2026 <a class=\"wp-block-latest-posts__read-more\" href=\"https:\/\/www.villamarbel.com\/fi\/los-flamingos\/\" rel=\"noopener noreferrer\">Lue lis\u00e4\u00e4<span class=\"screen-reader-text\">: Los Flamingos<\/span><\/a><\/div><\/li>\n<li><a class=\"wp-block-latest-posts__post-title\" href=\"https:\/\/www.villamarbel.com\/fi\/marbella\/\">Marbella<\/a><div class=\"wp-block-latest-posts__post-excerpt\">Marbella, located on the southern coast of Spain in the Andalusian region, is\u2026 <a class=\"wp-block-latest-posts__read-more\" href=\"https:\/\/www.villamarbel.com\/fi\/marbella\/\" rel=\"noopener noreferrer\">Lue lis\u00e4\u00e4<span class=\"screen-reader-text\">: Marbella<\/span><\/a><\/div><\/li>\n<li><a class=\"wp-block-latest-posts__post-title\" href=\"https:\/\/www.villamarbel.com\/fi\/monte-mayor\/\">Monte Mayor<\/a><div class=\"wp-block-latest-posts__post-excerpt\">Monte Mayor, located in the Benahav\u00eds municipality on the Costa del Sol, is\u2026 <a class=\"wp-block-latest-posts__read-more\" href=\"https:\/\/www.villamarbel.com\/fi\/monte-mayor\/\" rel=\"noopener noreferrer\">Lue lis\u00e4\u00e4<span class=\"screen-reader-text\">: Monte Mayor<\/span><\/a><\/div><\/li>\n<li><a class=\"wp-block-latest-posts__post-title\" href=\"https:\/\/www.villamarbel.com\/fi\/nueva-andalucia\/\">Nueva Andalucia<\/a><div class=\"wp-block-latest-posts__post-excerpt\">Nueva Andaluc\u00eda is unique for a variety of reasons, blending luxury, natural beauty,\u2026 <a class=\"wp-block-latest-posts__read-more\" href=\"https:\/\/www.villamarbel.com\/fi\/nueva-andalucia\/\" rel=\"noopener noreferrer\">Lue lis\u00e4\u00e4<span class=\"screen-reader-text\">: Nueva Andalucia<\/span><\/a><\/div><\/li>\n<li><a class=\"wp-block-latest-posts__post-title\" href=\"https:\/\/www.villamarbel.com\/fi\/puente-romano\/\">Puente Romano<\/a><div class=\"wp-block-latest-posts__post-excerpt\">Puente Romano, located on Marbella\u2019s prestigious Golden Mile, is one of the most\u2026 <a class=\"wp-block-latest-posts__read-more\" href=\"https:\/\/www.villamarbel.com\/fi\/puente-romano\/\" rel=\"noopener noreferrer\">Lue lis\u00e4\u00e4<span class=\"screen-reader-text\">: Puente Romano<\/span><\/a><\/div><\/li>\n<li><a class=\"wp-block-latest-posts__post-title\" href=\"https:\/\/www.villamarbel.com\/fi\/puerto-banus\/\">Puerto Ban\u00fas<\/a><div class=\"wp-block-latest-posts__post-excerpt\">Puerto Ban\u00fas, located west of Marbella, is one of the most glamorous and\u2026 <a class=\"wp-block-latest-posts__read-more\" href=\"https:\/\/www.villamarbel.com\/fi\/puerto-banus\/\" rel=\"noopener noreferrer\">Lue lis\u00e4\u00e4<span class=\"screen-reader-text\">: Puerto Ban\u00fas<\/span><\/a><\/div><\/li>\n<li><a class=\"wp-block-latest-posts__post-title\" href=\"https:\/\/www.villamarbel.com\/fi\/san-pedro-de-alcantara\/\">San Pedro de Alc\u00e1ntara<\/a><div class=\"wp-block-latest-posts__post-excerpt\">San Pedro de Alc\u00e1ntara, located just west of Marbella, is a charming and\u2026 <a class=\"wp-block-latest-posts__read-more\" href=\"https:\/\/www.villamarbel.com\/fi\/san-pedro-de-alcantara\/\" rel=\"noopener noreferrer\">Lue lis\u00e4\u00e4<span class=\"screen-reader-text\">: San Pedro de Alc\u00e1ntara<\/span><\/a><\/div><\/li>\n<li><a class=\"wp-block-latest-posts__post-title\" href=\"https:\/\/www.villamarbel.com\/fi\/sierra-blanca\/\">Sierra Blanca<\/a><div class=\"wp-block-latest-posts__post-excerpt\">Sierra Blanca, located just above Marbella&#8217;s iconic Golden Mile, is one of the\u2026 <a class=\"wp-block-latest-posts__read-more\" href=\"https:\/\/www.villamarbel.com\/fi\/sierra-blanca\/\" rel=\"noopener noreferrer\">Lue lis\u00e4\u00e4<span class=\"screen-reader-text\">: Sierra Blanca<\/span><\/a><\/div><\/li>\n<li><a class=\"wp-block-latest-posts__post-title\" href=\"https:\/\/www.villamarbel.com\/fi\/the-golden-mile\/\">The Golden Mile<\/a><div class=\"wp-block-latest-posts__post-excerpt\">The Golden Mile in Marbella, Spain, is one of the most iconic and\u2026 <a class=\"wp-block-latest-posts__read-more\" href=\"https:\/\/www.villamarbel.com\/fi\/the-golden-mile\/\" rel=\"noopener noreferrer\">Lue lis\u00e4\u00e4<span class=\"screen-reader-text\">: The Golden Mile<\/span><\/a><\/div><\/li>\n<\/ul>\n\n\n<p><\/p>","protected":false},"excerpt":{"rendered":"<p>El Madro\u00f1al, joka sijaitsee Sierra de las Nieves -vuoriston juurella l\u00e4hell\u00e4 Benahavisia, on yksi Costa del Solin hienoimmista asuinalueista. Se on tunnettu yksityisyydest\u00e4\u00e4n, luonnonkauneudestaan ja korkealuokkaisista kiinteist\u00f6ist\u00e4\u00e4n, ja se tarjoaa seesteisen pakopaikan h\u00e4lin\u00e4st\u00e4, vaikka se on l\u00e4hell\u00e4 Marbellaa ja Puerto Ban\u00fasia. [...]<\/p>","protected":false},"author":4,"featured_media":0,"comment_status":"closed","ping_status":"closed","sticky":false,"template":"","format":"standard","meta":{"_acf_changed":false,"om_disable_all_campaigns":false,"_monsterinsights_skip_tracking":false,"_monsterinsights_sitenote_active":false,"_monsterinsights_sitenote_note":"","_monsterinsights_sitenote_category":0,"footnotes":""},"categories":[44],"tags":[],"class_list":["post-5851","post","type-post","status-publish","format-standard","hentry","category-the-regions"],"acf":[],"yoast_head":"<!-- This site is optimized with the Yoast SEO Premium plugin v25.8 (Yoast SEO v25.8) - https:\/\/yoast.com\/wordpress\/plugins\/seo\/ -->\n<title>El Madro\u00f1al - Area Guide, The Regions | Villamarbel<\/title>\n<meta name=\"description\" content=\"El Madro\u00f1al, located in the foothills of the Sierra de las Nieves mountains near Benahav\u00eds, is one of the most exclusive residential areas.\" \/>\n<meta name=\"robots\" content=\"index, follow, max-snippet:-1, max-image-preview:large, max-video-preview:-1\" \/>\n<link rel=\"canonical\" href=\"https:\/\/www.villamarbel.com\/fi\/5851-2\/\" \/>\n<meta property=\"og:locale\" content=\"fi_FI\" \/>\n<meta property=\"og:type\" content=\"article\" \/>\n<meta property=\"og:title\" content=\"El Madro\u00f1al - Area Guide, The Regions | Villamarbel\" \/>\n<meta property=\"og:description\" content=\"El Madro\u00f1al, located in the foothills of the Sierra de las Nieves mountains near Benahav\u00eds, is one of the most exclusive residential areas.\" \/>\n<meta property=\"og:url\" content=\"https:\/\/www.villamarbel.com\/fi\/5851-2\/\" \/>\n<meta property=\"og:site_name\" content=\"For Sale in Marbella, Andalusia, Spain | Villamarbel\" \/>\n<meta property=\"article:publisher\" content=\"https:\/\/www.facebook.com\/immomarbel\" \/>\n<meta property=\"article:published_time\" content=\"2024-12-30T07:41:26+00:00\" \/>\n<meta property=\"article:modified_time\" content=\"2024-12-31T10:19:42+00:00\" \/>\n<meta property=\"og:image\" content=\"https:\/\/www.villamarbel.com\/wp-content\/uploads\/2024\/12\/villamarbel-real-estate-marbella.jpg\" \/>\n\t<meta property=\"og:image:width\" content=\"2048\" \/>\n\t<meta property=\"og:image:height\" content=\"1153\" \/>\n\t<meta property=\"og:image:type\" content=\"image\/jpeg\" \/>\n<meta name=\"author\" content=\"villamarbel\" \/>\n<meta name=\"twitter:card\" content=\"summary_large_image\" \/>\n<meta name=\"twitter:title\" content=\"El Madro\u00f1al - Area Guide, The Regions | Villamarbel\" \/>\n<meta name=\"twitter:description\" content=\"El Madro\u00f1al, located in the foothills of the Sierra de las Nieves mountains near Benahav\u00eds, is one of the most exclusive residential areas.\" \/>\n<meta name=\"twitter:label1\" content=\"Kirjoittanut\" \/>\n\t<meta name=\"twitter:data1\" content=\"villamarbel\" \/>\n\t<meta name=\"twitter:label2\" content=\"Arvioitu lukuaika\" \/>\n\t<meta name=\"twitter:data2\" content=\"3 minuuttia\" \/>\n<script type=\"application\/ld+json\" class=\"yoast-schema-graph\">{\"@context\":\"https:\/\/schema.org\",\"@graph\":[{\"@type\":\"WebPage\",\"@id\":\"https:\/\/www.villamarbel.com\/5851-2\/\",\"url\":\"https:\/\/www.villamarbel.com\/5851-2\/\",\"name\":\"El Madro\u00f1al - Area Guide, The Regions | Villamarbel\",\"isPartOf\":{\"@id\":\"https:\/\/www.villamarbel.com\/#website\"},\"datePublished\":\"2024-12-30T07:41:26+00:00\",\"dateModified\":\"2024-12-31T10:19:42+00:00\",\"description\":\"El Madro\u00f1al, located in the foothills of the Sierra de las Nieves mountains near Benahav\u00eds, is one of the most exclusive residential areas.\",\"breadcrumb\":{\"@id\":\"https:\/\/www.villamarbel.com\/5851-2\/#breadcrumb\"},\"inLanguage\":\"fi\",\"potentialAction\":[{\"@type\":\"ReadAction\",\"target\":[\"https:\/\/www.villamarbel.com\/5851-2\/\"]}]},{\"@type\":\"BreadcrumbList\",\"@id\":\"https:\/\/www.villamarbel.com\/5851-2\/#breadcrumb\",\"itemListElement\":[{\"@type\":\"ListItem\",\"position\":1,\"name\":\"Home\",\"item\":\"https:\/\/www.villamarbel.com\/\"},{\"@type\":\"ListItem\",\"position\":2,\"name\":\"El Madro\u00f1al\"}]},{\"@type\":\"WebSite\",\"@id\":\"https:\/\/www.villamarbel.com\/#website\",\"url\":\"https:\/\/www.villamarbel.com\/\",\"name\":\"For Sale in Marbella, Andalusia, Spain | Villamarbel by Immo Marbel\",\"description\":\"For Sale in Marbella, Costa del Sol, Andalusia, Spain | Villamarbel by Immo Marbel\",\"publisher\":{\"@id\":\"https:\/\/www.villamarbel.com\/#organization\"},\"potentialAction\":[{\"@type\":\"SearchAction\",\"target\":{\"@type\":\"EntryPoint\",\"urlTemplate\":\"https:\/\/www.villamarbel.com\/?s={search_term_string}\"},\"query-input\":{\"@type\":\"PropertyValueSpecification\",\"valueRequired\":true,\"valueName\":\"search_term_string\"}}],\"inLanguage\":\"fi\"},{\"@type\":\"Organization\",\"@id\":\"https:\/\/www.villamarbel.com\/#organization\",\"name\":\"Villamarbel Real Estate Marbella\",\"alternateName\":\"Villamarbel\",\"url\":\"https:\/\/www.villamarbel.com\/\",\"logo\":{\"@type\":\"ImageObject\",\"inLanguage\":\"fi\",\"@id\":\"https:\/\/www.villamarbel.com\/#\/schema\/logo\/image\/\",\"url\":\"https:\/\/www.villamarbel.com\/wp-content\/uploads\/2024\/10\/logo-villamarbel-M.png\",\"contentUrl\":\"https:\/\/www.villamarbel.com\/wp-content\/uploads\/2024\/10\/logo-villamarbel-M.png\",\"width\":563,\"height\":563,\"caption\":\"Villamarbel Real Estate Marbella\"},\"image\":{\"@id\":\"https:\/\/www.villamarbel.com\/#\/schema\/logo\/image\/\"},\"sameAs\":[\"https:\/\/www.facebook.com\/immomarbel\",\"https:\/\/www.instagram.com\/immomarbel\/\"],\"description\":\"Real Estate company in Marbella Spain that sales luxury properties, houses, villas, penthouses.\",\"email\":\"info@immomarbel.com\",\"legalName\":\"Villamarbel\"}]}<\/script>\n<!-- \/ Yoast SEO Premium plugin. -->","yoast_head_json":{"title":"El Madro\u00f1al - Alueopas, Alueet | Villamarbel","description":"El Madro\u00f1al, joka sijaitsee Sierra de las Nieves -vuoriston juurella l\u00e4hell\u00e4 Benahavisia, on yksi hienoimmista asuinalueista.","robots":{"index":"index","follow":"follow","max-snippet":"max-snippet:-1","max-image-preview":"max-image-preview:large","max-video-preview":"max-video-preview:-1"},"canonical":"https:\/\/www.villamarbel.com\/fi\/5851-2\/","og_locale":"fi_FI","og_type":"article","og_title":"El Madro\u00f1al - Area Guide, The Regions | Villamarbel","og_description":"El Madro\u00f1al, located in the foothills of the Sierra de las Nieves mountains near Benahav\u00eds, is one of the most exclusive residential areas.","og_url":"https:\/\/www.villamarbel.com\/fi\/5851-2\/","og_site_name":"For Sale in Marbella, Andalusia, Spain | Villamarbel","article_publisher":"https:\/\/www.facebook.com\/immomarbel","article_published_time":"2024-12-30T07:41:26+00:00","article_modified_time":"2024-12-31T10:19:42+00:00","og_image":[{"width":2048,"height":1153,"url":"https:\/\/www.villamarbel.com\/wp-content\/uploads\/2024\/12\/villamarbel-real-estate-marbella.jpg","type":"image\/jpeg"}],"author":"villamarbel","twitter_card":"summary_large_image","twitter_title":"El Madro\u00f1al - Area Guide, The Regions | Villamarbel","twitter_description":"El Madro\u00f1al, located in the foothills of the Sierra de las Nieves mountains near Benahav\u00eds, is one of the most exclusive residential areas.","twitter_misc":{"Kirjoittanut":"villamarbel","Arvioitu lukuaika":"3 minuuttia"},"schema":{"@context":"https:\/\/schema.org","@graph":[{"@type":"WebPage","@id":"https:\/\/www.villamarbel.com\/5851-2\/","url":"https:\/\/www.villamarbel.com\/5851-2\/","name":"El Madro\u00f1al - Alueopas, Alueet | Villamarbel","isPartOf":{"@id":"https:\/\/www.villamarbel.com\/#website"},"datePublished":"2024-12-30T07:41:26+00:00","dateModified":"2024-12-31T10:19:42+00:00","description":"El Madro\u00f1al, joka sijaitsee Sierra de las Nieves -vuoriston juurella l\u00e4hell\u00e4 Benahavisia, on yksi hienoimmista asuinalueista.","breadcrumb":{"@id":"https:\/\/www.villamarbel.com\/5851-2\/#breadcrumb"},"inLanguage":"fi","potentialAction":[{"@type":"ReadAction","target":["https:\/\/www.villamarbel.com\/5851-2\/"]}]},{"@type":"BreadcrumbList","@id":"https:\/\/www.villamarbel.com\/5851-2\/#breadcrumb","itemListElement":[{"@type":"ListItem","position":1,"name":"Home","item":"https:\/\/www.villamarbel.com\/"},{"@type":"ListItem","position":2,"name":"El Madro\u00f1al"}]},{"@type":"WebSite","@id":"https:\/\/www.villamarbel.com\/#website","url":"https:\/\/www.villamarbel.com\/","name":"Myyt\u00e4v\u00e4n\u00e4 Marbella, Andalusia, Espanja | Villamarbel by Immo Marbel","description":"Myyt\u00e4v\u00e4n\u00e4 Marbella, Costa del Sol, Andalusia, Espanja | Villamarbel by Immo Marbel","publisher":{"@id":"https:\/\/www.villamarbel.com\/#organization"},"potentialAction":[{"@type":"SearchAction","target":{"@type":"EntryPoint","urlTemplate":"https:\/\/www.villamarbel.com\/?s={search_term_string}"},"query-input":{"@type":"PropertyValueSpecification","valueRequired":true,"valueName":"search_term_string"}}],"inLanguage":"fi"},{"@type":"Organization","@id":"https:\/\/www.villamarbel.com\/#organization","name":"Villamarbel Kiinteist\u00f6t Marbella","alternateName":"Villamarbel","url":"https:\/\/www.villamarbel.com\/","logo":{"@type":"ImageObject","inLanguage":"fi","@id":"https:\/\/www.villamarbel.com\/#\/schema\/logo\/image\/","url":"https:\/\/www.villamarbel.com\/wp-content\/uploads\/2024\/10\/logo-villamarbel-M.png","contentUrl":"https:\/\/www.villamarbel.com\/wp-content\/uploads\/2024\/10\/logo-villamarbel-M.png","width":563,"height":563,"caption":"Villamarbel Real Estate Marbella"},"image":{"@id":"https:\/\/www.villamarbel.com\/#\/schema\/logo\/image\/"},"sameAs":["https:\/\/www.facebook.com\/immomarbel","https:\/\/www.instagram.com\/immomarbel\/"],"description":"Kiinteist\u00f6yritys Marbellassa Espanjassa, joka myy ylellisi\u00e4 kiinteist\u00f6j\u00e4, taloja, huviloita, kattohuoneistoja.","email":"info@immomarbel.com","legalName":"Villamarbel"}]}},"_links":{"self":[{"href":"https:\/\/www.villamarbel.com\/fi\/wp-json\/wp\/v2\/posts\/5851","targetHints":{"allow":["GET"]}}],"collection":[{"href":"https:\/\/www.villamarbel.com\/fi\/wp-json\/wp\/v2\/posts"}],"about":[{"href":"https:\/\/www.villamarbel.com\/fi\/wp-json\/wp\/v2\/types\/post"}],"author":[{"embeddable":true,"href":"https:\/\/www.villamarbel.com\/fi\/wp-json\/wp\/v2\/users\/4"}],"replies":[{"embeddable":true,"href":"https:\/\/www.villamarbel.com\/fi\/wp-json\/wp\/v2\/comments?post=5851"}],"version-history":[{"count":0,"href":"https:\/\/www.villamarbel.com\/fi\/wp-json\/wp\/v2\/posts\/5851\/revisions"}],"wp:attachment":[{"href":"https:\/\/www.villamarbel.com\/fi\/wp-json\/wp\/v2\/media?parent=5851"}],"wp:term":[{"taxonomy":"category","embeddable":true,"href":"https:\/\/www.villamarbel.com\/fi\/wp-json\/wp\/v2\/categories?post=5851"},{"taxonomy":"post_tag","embeddable":true,"href":"https:\/\/www.villamarbel.com\/fi\/wp-json\/wp\/v2\/tags?post=5851"}],"curies":[{"name":"wp","href":"https:\/\/api.w.org\/{rel}","templated":true}]}}